{"id":71706,"date":"2024-08-23T21:05:23","date_gmt":"2024-08-24T03:05:23","guid":{"rendered":"https:\/\/zonaroja.com.mx\/?p=71706"},"modified":"2024-08-23T21:05:25","modified_gmt":"2024-08-24T03:05:25","slug":"reprueba-suprema-corte-intromision-del-congreso-en-organo-de-transparencia","status":"publish","type":"post","link":"https:\/\/zonaroja.com.mx\/?p=71706","title":{"rendered":"Reprueba Suprema Corte intromisi\u00f3n del Congreso en \u00f3rgano de transparencia"},"content":{"rendered":"\n<p>Redacci\u00f3n\/Zona Roja Cdmx.<\/p>\n\n\n\n<p>Ciudad de M\u00e9xico, a 23 de agosto de 2024.- El pleno de la Suprema Corte de Justicia de la Naci\u00f3n (SCJN) invalid\u00f3 el art\u00edculo Cuarto transitorio del decreto de reforma a la Ley de Transparencia, Acceso a la Informaci\u00f3n P\u00fablica y Buen Gobierno del Estado de Oaxaca, en el cual se preve\u00eda, entre otros aspectos, que el Congreso local designar\u00eda a las y los comisionados integrantes del nuevo \u00d3rgano Garante de Acceso a la Informaci\u00f3n P\u00fablica, Transparencia, Protecci\u00f3n de Datos Personales y Buen Gobierno.<\/p>\n\n\n\n<p>La Corte reiter\u00f3 el criterio sostenido al resolver la acci\u00f3n de inconstitucionalidad 127\/2020, en la cual se determin\u00f3 que los nombramientos de los comisionados que hubieran sido emitidos cuando un instituto garante local ya contara con la naturaleza de \u00f3rgano constitucional aut\u00f3nomo, deb\u00edan ser respetados porque con ello se garantiza la independencia y autonom\u00eda que reviste a estos \u00f3rganos.<\/p>\n\n\n\n<p>As\u00ed, en el caso del precepto analizado en esta sesi\u00f3n, al facultar al Congreso local para nombrar nuevos comisionados y, por ello, al implicar la remoci\u00f3n de los comisionados que se encontraban en funciones al momento de publicarse la ley impugnada, se generaba una intromisi\u00f3n indebida en la integraci\u00f3n del instituto de transparencia local, motivos por los cuales, el Pleno determin\u00f3 su inconstitucionalidad.<\/p>\n\n\n\n<p>Acciones de inconstitucionalidad 143\/2021 y su acumulada 144\/2021, promovidas por el Instituto Nacional de Transparencia, Acceso a la Informaci\u00f3n y Protecci\u00f3n de Datos Personales y el Instituto de Acceso a la Informaci\u00f3n P\u00fablica y Protecci\u00f3n de Datos Personales del Estado de Oaxaca, demandando la invalidez de diversas disposiciones de la Ley de Transparencia, Acceso a la Informaci\u00f3n P\u00fablica y Buen Gobierno del mencionado Estado, publicada en el Peri\u00f3dico Oficial de esa entidad el 4 de septiembre de 2021. Ponente: Ministro Alfredo Guti\u00e9rrez Ortiz Mena. Secretaria: Frida Rodr\u00edguez Cruz.<\/p>\n\n\n\n<p>(Comunicado)<\/p>\n","protected":false},"excerpt":{"rendered":"<p>Redacci\u00f3n\/Zona Roja Cdmx. Ciudad de M\u00e9xico, a 23 de agosto de 2024.- El pleno de&hellip;<\/p>\n","protected":false},"author":2,"featured_media":71707,"comment_status":"closed","ping_status":"open","sticky":false,"template":"","format":"standard","meta":{"_lmt_disableupdate":"","_lmt_disable":"","_jetpack_memberships_contains_paid_content":false,"footnotes":""},"categories":[109,46],"tags":[2878],"class_list":["post-71706","post","type-post","status-publish","format-standard","has-post-thumbnail","hentry","category-minuto-a-minuto","category-zona-blanca","tag-suprema-corte-de-justicia-de-la-nacion-scjn"],"jetpack_featured_media_url":"https:\/\/zonaroja.com.mx\/wp-content\/uploads\/2024\/08\/OGAIPO.png","jetpack_sharing_enabled":true,"_links":{"self":[{"href":"https:\/\/zonaroja.com.mx\/index.php?rest_route=\/wp\/v2\/posts\/71706","targetHints":{"allow":["GET"]}}],"collection":[{"href":"https:\/\/zonaroja.com.mx\/index.php?rest_route=\/wp\/v2\/posts"}],"about":[{"href":"https:\/\/zonaroja.com.mx\/index.php?rest_route=\/wp\/v2\/types\/post"}],"author":[{"embeddable":true,"href":"https:\/\/zonaroja.com.mx\/index.php?rest_route=\/wp\/v2\/users\/2"}],"replies":[{"embeddable":true,"href":"https:\/\/zonaroja.com.mx\/index.php?rest_route=%2Fwp%2Fv2%2Fcomments&post=71706"}],"version-history":[{"count":1,"href":"https:\/\/zonaroja.com.mx\/index.php?rest_route=\/wp\/v2\/posts\/71706\/revisions"}],"predecessor-version":[{"id":71708,"href":"https:\/\/zonaroja.com.mx\/index.php?rest_route=\/wp\/v2\/posts\/71706\/revisions\/71708"}],"wp:featuredmedia":[{"embeddable":true,"href":"https:\/\/zonaroja.com.mx\/index.php?rest_route=\/wp\/v2\/media\/71707"}],"wp:attachment":[{"href":"https:\/\/zonaroja.com.mx\/index.php?rest_route=%2Fwp%2Fv2%2Fmedia&parent=71706"}],"wp:term":[{"taxonomy":"category","embeddable":true,"href":"https:\/\/zonaroja.com.mx\/index.php?rest_route=%2Fwp%2Fv2%2Fcategories&post=71706"},{"taxonomy":"post_tag","embeddable":true,"href":"https:\/\/zonaroja.com.mx\/index.php?rest_route=%2Fwp%2Fv2%2Ftags&post=71706"}],"curies":[{"name":"wp","href":"https:\/\/api.w.org\/{rel}","templated":true}]}}