{"id":71709,"date":"2024-08-23T21:50:44","date_gmt":"2024-08-24T03:50:44","guid":{"rendered":"https:\/\/zonaroja.com.mx\/?p=71709"},"modified":"2024-08-23T21:50:46","modified_gmt":"2024-08-24T03:50:46","slug":"segundo-dia-de-ejecuciones-en-salina-cruz-oaxaca","status":"publish","type":"post","link":"https:\/\/zonaroja.com.mx\/?p=71709","title":{"rendered":"Segundo d\u00eda de ejecuciones en Salina Cruz, Oaxaca"},"content":{"rendered":"\n<p>Raymundo Morales\/Zona Roja.<\/p>\n\n\n\n<p>Oaxaca de Ju\u00e1rez, Oax., a 23 de agosto de 2024.- Por segundo d\u00eda consecutivo, una persona fue asesinada a balazos en la ciudad y puerto de Salina Cruz, Oaxaca.<\/p>\n\n\n\n<p>La v\u00edctima de esta tarde fue en la calle Oaxaca de la colonia Porfirio D\u00edaz, donde acribillaron a un individuo en el interior de un coche color rojo, marca Seat, tipo Ibiza; una mujer tambi\u00e9n habr\u00eda resultado lesionada.<\/p>\n\n\n\n<p>Seg\u00fan los primeros informes, al menos dos sujetos habr\u00edan disparado en contra de los ocupantes de la unidad de motor, tras lo cual huyeron; polic\u00edas municipales arribaron a la supuesta para realizar operativos de b\u00fasqueda, sin \u00e9xito hasta ahora.<\/p>\n\n\n\n<p>El hombre, de aproximadamente 50 a\u00f1os de edad, presenta al menos cinco impactos de arma de fuego de arma de grueso calibre.<\/p>\n\n\n\n<p>Personal de la Vicefiscal\u00eda Regional del Istmo contin\u00faa con las indagatorias del caso.<\/p>\n\n\n\n<p>Apenas ayer por la tarde-noche, en un domicilio de la colonia San Pablo Norte, fue asesinado un individuo, quien fue identificado como Antonio U., de aproximadamente 40 a\u00f1os de edad.<\/p>\n","protected":false},"excerpt":{"rendered":"<p>Raymundo Morales\/Zona Roja. Oaxaca de Ju\u00e1rez, Oax., a 23 de agosto de 2024.- Por segundo&hellip;<\/p>\n","protected":false},"author":2,"featured_media":71710,"comment_status":"closed","ping_status":"open","sticky":false,"template":"","format":"standard","meta":{"_lmt_disableupdate":"","_lmt_disable":"","_jetpack_memberships_contains_paid_content":false,"footnotes":""},"categories":[109,51],"tags":[168],"class_list":["post-71709","post","type-post","status-publish","format-standard","has-post-thumbnail","hentry","category-minuto-a-minuto","category-zona-roja","tag-salina-cruz"],"jetpack_featured_media_url":"https:\/\/zonaroja.com.mx\/wp-content\/uploads\/2024\/08\/Ejecutado-Salina-cruz.jpg","jetpack_sharing_enabled":true,"_links":{"self":[{"href":"https:\/\/zonaroja.com.mx\/index.php?rest_route=\/wp\/v2\/posts\/71709","targetHints":{"allow":["GET"]}}],"collection":[{"href":"https:\/\/zonaroja.com.mx\/index.php?rest_route=\/wp\/v2\/posts"}],"about":[{"href":"https:\/\/zonaroja.com.mx\/index.php?rest_route=\/wp\/v2\/types\/post"}],"author":[{"embeddable":true,"href":"https:\/\/zonaroja.com.mx\/index.php?rest_route=\/wp\/v2\/users\/2"}],"replies":[{"embeddable":true,"href":"https:\/\/zonaroja.com.mx\/index.php?rest_route=%2Fwp%2Fv2%2Fcomments&post=71709"}],"version-history":[{"count":1,"href":"https:\/\/zonaroja.com.mx\/index.php?rest_route=\/wp\/v2\/posts\/71709\/revisions"}],"predecessor-version":[{"id":71711,"href":"https:\/\/zonaroja.com.mx\/index.php?rest_route=\/wp\/v2\/posts\/71709\/revisions\/71711"}],"wp:featuredmedia":[{"embeddable":true,"href":"https:\/\/zonaroja.com.mx\/index.php?rest_route=\/wp\/v2\/media\/71710"}],"wp:attachment":[{"href":"https:\/\/zonaroja.com.mx\/index.php?rest_route=%2Fwp%2Fv2%2Fmedia&parent=71709"}],"wp:term":[{"taxonomy":"category","embeddable":true,"href":"https:\/\/zonaroja.com.mx\/index.php?rest_route=%2Fwp%2Fv2%2Fcategories&post=71709"},{"taxonomy":"post_tag","embeddable":true,"href":"https:\/\/zonaroja.com.mx\/index.php?rest_route=%2Fwp%2Fv2%2Ftags&post=71709"}],"curies":[{"name":"wp","href":"https:\/\/api.w.org\/{rel}","templated":true}]}}