{"id":71712,"date":"2024-08-24T07:33:00","date_gmt":"2024-08-24T13:33:00","guid":{"rendered":"https:\/\/zonaroja.com.mx\/?p=71712"},"modified":"2024-08-24T06:36:33","modified_gmt":"2024-08-24T12:36:33","slug":"morena-tendra-mayoria-calificada-en-proximo-congreso-en-senado-le-falta","status":"publish","type":"post","link":"https:\/\/zonaroja.com.mx\/?p=71712","title":{"rendered":"Morena tendr\u00e1 mayor\u00eda calificada en pr\u00f3ximo Congreso; en Senado le falta"},"content":{"rendered":"\n<p>Redacci\u00f3n\/Zona Roja Cdmx.<\/p>\n\n\n\n<p>Ciudad de M\u00e9xico, a 24 de agosto de 2024.- \u00bfMorena ser\u00e1 \u2018superpoderoso\u2019 durante este nuevo gobierno que inicia? El Consejo General del Instituto Nacional Electoral (INE) confirm\u00f3 en una sesi\u00f3n este viernes la decisi\u00f3n de asignar una cifra alta de diputados para los partidos de la colaci\u00f3n \u2018Sigamos Haciendo Historia\u2019, encabezada por Morena, cuyos aliados son el Partido Verde Ecologista de M\u00e9xico (PVEM) y el Partido del Trabajo (PT).<\/p>\n\n\n\n<p>Sin embargo, en cuanto a la representaci\u00f3n de Morena y aliados en el Senado de la Rep\u00fablica, la alianza se ha quedado a dos esca\u00f1os de tener la mayor\u00eda calificada.<\/p>\n\n\n\n<p>Con la confirmaci\u00f3n de c\u00f3mo quedar\u00e1n divididas las c\u00e1maras del Congreso de la Uni\u00f3n, ahora la presidenta electa Claudia Sheinbaum tendr\u00e1 el mayor poder en la C\u00e1mara baja desde 1982, cuando el PRI era un partido hegem\u00f3nico.<\/p>\n\n\n\n<p>El pr\u00f3ximo 1 de septiembre iniciar\u00e1 la LXVI Legislatura, mientras que la presidenta electa Sheinbaum Pardo comenzar\u00e1 su Gobierno el pr\u00f3ximo 1 de octubre.&nbsp;<\/p>\n\n\n\n<p>Ya con el Congreso en sesiones, legisladores podr\u00e1n comenzar a revisar y votar algunas de las iniciativas que deja pendientes el presidente Andr\u00e9s Manuel L\u00f3pez Obrador, entre ellas la reforma al Poder Judicial y la desaparici\u00f3n de los organismos independientes como el INAI.<\/p>\n\n\n\n<p>La C\u00e1mara de Diputados est\u00e1 compuesta por un total de 500 legisladoras y legisladores de las diversas facciones del pa\u00eds. Del total, 300 son electos por mayor\u00eda relativa y 200 son elegidos por el sistema de representaci\u00f3n proporcional, conocidos como plurinominales.<\/p>\n\n\n\n<p>C\u00c1MARA DE DIPUTADOS<\/p>\n\n\n\n<p>Para esta nueva legislatura, la repartici\u00f3n en la C\u00e1mara baja queda de la siguiente manera:<\/p>\n\n\n\n<p>* Morena con 236 diputaciones:&nbsp;161 de Mayor\u00eda Relativa y 75 de representaci\u00f3n proporcional.<\/p>\n\n\n\n<p>* PVEM con 77 diputaciones: 57 de Mayor\u00eda Relativa y 20 de representaci\u00f3n proporcional.<\/p>\n\n\n\n<p>* PT con 51 diputaciones: 38 de Mayor\u00eda Relativa y 13 de representaci\u00f3n proporcional.<\/p>\n\n\n\n<p>* PAN queda con 72 diputaciones: 32 de Mayor\u00eda Relativa y 40 de representaci\u00f3n proporcional.<\/p>\n\n\n\n<p>* PRI&nbsp;tiene 35 diputaciones: 9 de Mayor\u00eda Relativa y 26 de Representaci\u00f3n Proporcional.<\/p>\n\n\n\n<p>* Al PRD solo le corresponde una diputaci\u00f3n, ocupada por M\u00f3nica Sandoval Hern\u00e1ndez.<\/p>\n\n\n\n<p>* Movimiento Ciudadano&nbsp;(MC) tendr\u00e1 27 diputaciones, una de Mayor\u00eda Relativa ganada en un distrito electoral, y 26 asignadas por representaci\u00f3n proporcional.<\/p>\n\n\n\n<p>Con la repartici\u00f3n, la alianza de&nbsp;Morena, el PVEM y el PT se quedan con 364 diputaciones federales. Mientras que los partidos opositores del PRI, PAN y PRD, en conjunto, tienen 108.<\/p>\n\n\n\n<p>SENADO DE LA REP\u00daBLICA<\/p>\n\n\n\n<p>El Senado de la Rep\u00fablica ser\u00eda m\u00e1s balanceado, o por lo menos no tendr\u00e1 la mayor\u00eda calificada de Morena y sus aliados.<\/p>\n\n\n\n<p>Para la Legislatura que comenzar\u00e1 en septiembre, Morena tendr\u00e1 60 esca\u00f1os de los 128 que son en total.<\/p>\n\n\n\n<p>* Morena tendr\u00e1 60 esca\u00f1os en el Senado.<\/p>\n\n\n\n<p>* PVEM se quedar\u00e1 con 14 senadores.<\/p>\n\n\n\n<p>* PT obtiene 9 senadur\u00edas.<\/p>\n\n\n\n<p>* PAN tendr\u00e1 22 senadores.<\/p>\n\n\n\n<p>* PRI obtiene 16 esca\u00f1os.<\/p>\n\n\n\n<p>* PRD se queda con dos legisladores.<\/p>\n\n\n\n<p>* MC tendr\u00e1 cinco espacios en el Senado.<\/p>\n\n\n\n<p>En total, la coalici\u00f3n de \u2018Sigamos Haciendo Historia\u2019 gan\u00f3 62 de las 96 senadur\u00edas elegidas por voto directo y 21 restantes fueron asignadas por la v\u00eda plurinominal.<\/p>\n\n\n\n<p>(Informaci\u00f3n de \u201cEl Financiero\u201d)<\/p>\n","protected":false},"excerpt":{"rendered":"<p>Redacci\u00f3n\/Zona Roja Cdmx. Ciudad de M\u00e9xico, a 24 de agosto de 2024.- \u00bfMorena ser\u00e1 \u2018superpoderoso\u2019&hellip;<\/p>\n","protected":false},"author":2,"featured_media":71713,"comment_status":"closed","ping_status":"open","sticky":false,"template":"","format":"standard","meta":{"_lmt_disableupdate":"","_lmt_disable":"","_jetpack_memberships_contains_paid_content":false,"footnotes":""},"categories":[109,47],"tags":[2764],"class_list":["post-71712","post","type-post","status-publish","format-standard","has-post-thumbnail","hentry","category-minuto-a-minuto","category-zona-gris","tag-instituto-nacional-electoral-ine"],"jetpack_featured_media_url":"https:\/\/zonaroja.com.mx\/wp-content\/uploads\/2024\/08\/Partido-Morena.jpeg","jetpack_sharing_enabled":true,"_links":{"self":[{"href":"https:\/\/zonaroja.com.mx\/index.php?rest_route=\/wp\/v2\/posts\/71712","targetHints":{"allow":["GET"]}}],"collection":[{"href":"https:\/\/zonaroja.com.mx\/index.php?rest_route=\/wp\/v2\/posts"}],"about":[{"href":"https:\/\/zonaroja.com.mx\/index.php?rest_route=\/wp\/v2\/types\/post"}],"author":[{"embeddable":true,"href":"https:\/\/zonaroja.com.mx\/index.php?rest_route=\/wp\/v2\/users\/2"}],"replies":[{"embeddable":true,"href":"https:\/\/zonaroja.com.mx\/index.php?rest_route=%2Fwp%2Fv2%2Fcomments&post=71712"}],"version-history":[{"count":1,"href":"https:\/\/zonaroja.com.mx\/index.php?rest_route=\/wp\/v2\/posts\/71712\/revisions"}],"predecessor-version":[{"id":71714,"href":"https:\/\/zonaroja.com.mx\/index.php?rest_route=\/wp\/v2\/posts\/71712\/revisions\/71714"}],"wp:featuredmedia":[{"embeddable":true,"href":"https:\/\/zonaroja.com.mx\/index.php?rest_route=\/wp\/v2\/media\/71713"}],"wp:attachment":[{"href":"https:\/\/zonaroja.com.mx\/index.php?rest_route=%2Fwp%2Fv2%2Fmedia&parent=71712"}],"wp:term":[{"taxonomy":"category","embeddable":true,"href":"https:\/\/zonaroja.com.mx\/index.php?rest_route=%2Fwp%2Fv2%2Fcategories&post=71712"},{"taxonomy":"post_tag","embeddable":true,"href":"https:\/\/zonaroja.com.mx\/index.php?rest_route=%2Fwp%2Fv2%2Ftags&post=71712"}],"curies":[{"name":"wp","href":"https:\/\/api.w.org\/{rel}","templated":true}]}}