{"id":71717,"date":"2024-08-24T07:52:43","date_gmt":"2024-08-24T13:52:43","guid":{"rendered":"https:\/\/zonaroja.com.mx\/?p=71717"},"modified":"2024-08-24T07:52:45","modified_gmt":"2024-08-24T13:52:45","slug":"tercer-dia-de-crimenes-en-salina-cruz-ahora-en-la-colonia-lomas-de-galindo","status":"publish","type":"post","link":"https:\/\/zonaroja.com.mx\/?p=71717","title":{"rendered":"Tercer d\u00eda de cr\u00edmenes en Salina Cruz, ahora en la colonia Lomas de Galindo"},"content":{"rendered":"\n<p>Raymundo Morales\/Zona Roja.<\/p>\n\n\n\n<p>Oaxaca de Ju\u00e1rez, Oax., a 24 de agosto de 2024.- Por tercer d\u00eda consecutivo, se registran cr\u00edmenes en el municipio de Salina Cruz.<\/p>\n\n\n\n<p>El m\u00e1s reciente caso ocurri\u00f3 alrededor de las 06:00 horas de este s\u00e1bado, en que fue ejecutado un individuo sobre la avenida Ferrocarril, en jurisdicci\u00f3n de la colonia Lomas de Galindo.<\/p>\n\n\n\n<p>Como ha ocurrido en la mayor\u00eda de los casos, los agresores lograron huir de la zona tras cometer el crimen; la v\u00edctima no ha sido identificada hasta el momento y la Vicefiscal\u00eda Regional del Istmo indaga el caso.<\/p>\n\n\n\n<p>Por otra parte, anoche un hombre fue atacado a balazos, en la colonia Colosio del municipio de Juchit\u00e1n de Zaragoza.<\/p>\n\n\n\n<p>La v\u00edctima fue identificada como Jos\u00e9 Juan V. C., de aproximadamente 50 a\u00f1os de edad, y a\u00fan se desconocen las causas de la agresi\u00f3n armada; fue trasladada a un hospital, donde lo reportan delicado de salud.<\/p>\n\n\n\n<p>Tampoco en este caso hay personas detenidas y apenas el pasado martes en dicho municipio fue asesinado a balazos un mototaxista.<\/p>\n","protected":false},"excerpt":{"rendered":"<p>Raymundo Morales\/Zona Roja. Oaxaca de Ju\u00e1rez, Oax., a 24 de agosto de 2024.- Por tercer&hellip;<\/p>\n","protected":false},"author":2,"featured_media":71718,"comment_status":"closed","ping_status":"open","sticky":false,"template":"","format":"standard","meta":{"_lmt_disableupdate":"","_lmt_disable":"","_jetpack_memberships_contains_paid_content":false,"footnotes":""},"categories":[109,51],"tags":[168],"class_list":["post-71717","post","type-post","status-publish","format-standard","has-post-thumbnail","hentry","category-minuto-a-minuto","category-zona-roja","tag-salina-cruz"],"jetpack_featured_media_url":"https:\/\/zonaroja.com.mx\/wp-content\/uploads\/2024\/08\/Asesinado-Salina-Cruz.jpeg","jetpack_sharing_enabled":true,"_links":{"self":[{"href":"https:\/\/zonaroja.com.mx\/index.php?rest_route=\/wp\/v2\/posts\/71717","targetHints":{"allow":["GET"]}}],"collection":[{"href":"https:\/\/zonaroja.com.mx\/index.php?rest_route=\/wp\/v2\/posts"}],"about":[{"href":"https:\/\/zonaroja.com.mx\/index.php?rest_route=\/wp\/v2\/types\/post"}],"author":[{"embeddable":true,"href":"https:\/\/zonaroja.com.mx\/index.php?rest_route=\/wp\/v2\/users\/2"}],"replies":[{"embeddable":true,"href":"https:\/\/zonaroja.com.mx\/index.php?rest_route=%2Fwp%2Fv2%2Fcomments&post=71717"}],"version-history":[{"count":1,"href":"https:\/\/zonaroja.com.mx\/index.php?rest_route=\/wp\/v2\/posts\/71717\/revisions"}],"predecessor-version":[{"id":71719,"href":"https:\/\/zonaroja.com.mx\/index.php?rest_route=\/wp\/v2\/posts\/71717\/revisions\/71719"}],"wp:featuredmedia":[{"embeddable":true,"href":"https:\/\/zonaroja.com.mx\/index.php?rest_route=\/wp\/v2\/media\/71718"}],"wp:attachment":[{"href":"https:\/\/zonaroja.com.mx\/index.php?rest_route=%2Fwp%2Fv2%2Fmedia&parent=71717"}],"wp:term":[{"taxonomy":"category","embeddable":true,"href":"https:\/\/zonaroja.com.mx\/index.php?rest_route=%2Fwp%2Fv2%2Fcategories&post=71717"},{"taxonomy":"post_tag","embeddable":true,"href":"https:\/\/zonaroja.com.mx\/index.php?rest_route=%2Fwp%2Fv2%2Ftags&post=71717"}],"curies":[{"name":"wp","href":"https:\/\/api.w.org\/{rel}","templated":true}]}}