{"id":71723,"date":"2024-08-24T09:54:00","date_gmt":"2024-08-24T15:54:00","guid":{"rendered":"https:\/\/zonaroja.com.mx\/?p=71723"},"modified":"2024-08-24T07:57:34","modified_gmt":"2024-08-24T13:57:34","slug":"el-dif-y-sociedad-civil-celebra-xv-anos-de-cuatro-adolescentes-de-albergues","status":"publish","type":"post","link":"https:\/\/zonaroja.com.mx\/?p=71723","title":{"rendered":"El DIF y sociedad civil celebra XV a\u00f1os de cuatro adolescentes de albergues"},"content":{"rendered":"\n<p>Redacci\u00f3n\/Zona Roja.&nbsp;<\/p>\n\n\n\n<p>Oaxaca de Ju\u00e1rez, Oax., 24 de agosto de 2024.- Un sue\u00f1o hecho realidad, fue el sentimiento que vibraron las cuatro adolescentes residentes de un Centro de Asistencia Social (CAS) del Sistema para el Desarrollo Integral de la Familia (DIF) Oaxaca con la celebraci\u00f3n de su tan esperada fiesta de XV a\u00f1os, momento inolvidable que qued\u00f3 encapsulado en un hermoso recuerdo de amor y ternura.<\/p>\n\n\n\n<p>El cari\u00f1o, solidaridad y trabajo en equipo entre directivos del organismo estatal con personas empresarias y comerciantes de la capital oaxaque\u00f1a fue la magia que hizo posible esta fiesta que no solo les brind\u00f3 felicidad sino represent\u00f3 un acto de garant\u00eda de derechos para que tengan un pleno desarrollo.<\/p>\n\n\n\n<p>El Centro Gastron\u00f3mico de Oaxaca fue sede de la m\u00e1gica tarde, en la que el baile, la m\u00fasica y la comida motivaron a compartir sonrisas, pl\u00e1ticas y abrazos como muestra de la alegr\u00eda de formar parte de este instante que se recordar\u00e1 en tardes de pl\u00e1tica o convivencia con personas especiales y amistades, al observar las fotograf\u00edas de esta fecha de celebraci\u00f3n de la vida.<\/p>\n\n\n\n<p>A nombre de la Presidenta Honoraria del Sistema DIF Oaxaca, Irma Bola\u00f1os Quijano, la directora general Maribel Salinas Velasco extern\u00f3 los mejores deseos a cada una de las festejadas, en los que las metas y retos definir\u00e1n su personalidad y les permitir\u00e1n avanzar hacia sus m\u00e1s grandes anhelos.<\/p>\n\n\n\n<p>\u201cM\u00e1s que una fiesta, esta fecha es un acto de justicia para dar un trato igualitario a las personas en situaci\u00f3n de atenci\u00f3n prioritaria y la colaboraci\u00f3n de oaxaque\u00f1as y oaxaque\u00f1os es crucial para mantener la armon\u00eda en la sociedad\u201d, destac\u00f3 al tiempo de externarles agradecimiento por hacer realidad esta m\u00e1gica fiesta.<\/p>\n\n\n\n<p>Despu\u00e9s, las y los invitados presenciaron el vals, en el que los aplausos y expresi\u00f3n de buenos deseos despert\u00f3 una sonrisa en cada una de las adolescentes para continuar con el recibimiento de la \u00faltima mu\u00f1eca y la partida de pastel para oficializar la llegada de los XV a\u00f1os.<\/p>\n\n\n\n<p>La celebraci\u00f3n fue posible gracias al mariachi Resplandor del Valle, Instantt 360, Allegretto, Centralcell, Florer\u00eda N\u00e1tura, el Instituto de Belleza Oaxaca, Noosfera Sal\u00f3n, Estudio de Belleza Make Up By Miriam, las estilistas Chantal Reyes Garc\u00eda y Nelva Cruz Hern\u00e1ndez, el Maestro Luis Antonio S\u00e1nchez.<\/p>\n\n\n\n<figure class=\"wp-block-embed is-type-rich is-provider-twitter wp-block-embed-twitter\"><div class=\"wp-block-embed__wrapper\">\n<div class=\"twitter-tweet\"><blockquote class=\"twitter-tweet\" data-lang=\"es\"><p lang=\"es\" dir=\"ltr\">\ud83d\udc4f\ud83d\udc4f\ud83d\udc4f\ud83d\udc4f\ud83d\udc4f<br>Fue en un lugar de lujo. Una fiesta de ensue\u00f1o, con chambelanes, vals, mariachi, pastel, flores y lindos vestidos. <br>As\u00ed, cuatro menores de albergues cumplieron su sue\u00f1o de tener su fiesta de XV a\u00f1os. <br>La sociedad y el <a href=\"https:\/\/twitter.com\/DIF_Oaxaca?ref_src=twsrc%5Etfw\">@DIF_Oaxaca<\/a> que preside la se\u00f1ora <a href=\"https:\/\/twitter.com\/Irma_BolanosOax?ref_src=twsrc%5Etfw\">@Irma_BolanosOax<\/a>\u2026 <a href=\"https:\/\/t.co\/dM5oX8Swu1\">pic.twitter.com\/dM5oX8Swu1<\/a><\/p>&mdash; Zona Roja Oaxaca (@ZonaRoja_Oaxaca) <a href=\"https:\/\/twitter.com\/ZonaRoja_Oaxaca\/status\/1827176964513317184?ref_src=twsrc%5Etfw\">24 de agosto de 2024<\/a><\/blockquote><\/div>\n<\/div><\/figure>\n","protected":false},"excerpt":{"rendered":"<p>Redacci\u00f3n\/Zona Roja.&nbsp; Oaxaca de Ju\u00e1rez, Oax., 24 de agosto de 2024.- Un sue\u00f1o hecho realidad,&hellip;<\/p>\n","protected":false},"author":2,"featured_media":71724,"comment_status":"closed","ping_status":"open","sticky":false,"template":"","format":"standard","meta":{"_lmt_disableupdate":"","_lmt_disable":"","_jetpack_memberships_contains_paid_content":false,"footnotes":""},"categories":[109,46],"tags":[841],"class_list":["post-71723","post","type-post","status-publish","format-standard","has-post-thumbnail","hentry","category-minuto-a-minuto","category-zona-blanca","tag-dif-oaxaca"],"jetpack_featured_media_url":"https:\/\/zonaroja.com.mx\/wp-content\/uploads\/2024\/08\/Fiesta-XV-anos-albergue-DIF.jpg","jetpack_sharing_enabled":true,"_links":{"self":[{"href":"https:\/\/zonaroja.com.mx\/index.php?rest_route=\/wp\/v2\/posts\/71723","targetHints":{"allow":["GET"]}}],"collection":[{"href":"https:\/\/zonaroja.com.mx\/index.php?rest_route=\/wp\/v2\/posts"}],"about":[{"href":"https:\/\/zonaroja.com.mx\/index.php?rest_route=\/wp\/v2\/types\/post"}],"author":[{"embeddable":true,"href":"https:\/\/zonaroja.com.mx\/index.php?rest_route=\/wp\/v2\/users\/2"}],"replies":[{"embeddable":true,"href":"https:\/\/zonaroja.com.mx\/index.php?rest_route=%2Fwp%2Fv2%2Fcomments&post=71723"}],"version-history":[{"count":2,"href":"https:\/\/zonaroja.com.mx\/index.php?rest_route=\/wp\/v2\/posts\/71723\/revisions"}],"predecessor-version":[{"id":71726,"href":"https:\/\/zonaroja.com.mx\/index.php?rest_route=\/wp\/v2\/posts\/71723\/revisions\/71726"}],"wp:featuredmedia":[{"embeddable":true,"href":"https:\/\/zonaroja.com.mx\/index.php?rest_route=\/wp\/v2\/media\/71724"}],"wp:attachment":[{"href":"https:\/\/zonaroja.com.mx\/index.php?rest_route=%2Fwp%2Fv2%2Fmedia&parent=71723"}],"wp:term":[{"taxonomy":"category","embeddable":true,"href":"https:\/\/zonaroja.com.mx\/index.php?rest_route=%2Fwp%2Fv2%2Fcategories&post=71723"},{"taxonomy":"post_tag","embeddable":true,"href":"https:\/\/zonaroja.com.mx\/index.php?rest_route=%2Fwp%2Fv2%2Ftags&post=71723"}],"curies":[{"name":"wp","href":"https:\/\/api.w.org\/{rel}","templated":true}]}}