{"id":71727,"date":"2024-08-24T11:57:00","date_gmt":"2024-08-24T17:57:00","guid":{"rendered":"https:\/\/zonaroja.com.mx\/?p=71727"},"modified":"2024-08-24T08:02:31","modified_gmt":"2024-08-24T14:02:31","slug":"llaman-a-nivel-nacional-atender-intolerancia-religiosa-en-oaxaca","status":"publish","type":"post","link":"https:\/\/zonaroja.com.mx\/?p=71727","title":{"rendered":"Llaman a nivel nacional atender intolerancia religiosa en Oaxaca"},"content":{"rendered":"\n<p>Redacci\u00f3n\/Zona Roja Cdmx.<\/p>\n\n\n\n<p>Ciudad de M\u00e9xico, a 24 de agosto de 2024.- Pastores, expertos en asuntos religiosos y defensores de derechos humanos llamaron a las autoridades oaxaque\u00f1as y federales, as\u00ed como de la iglesia cat\u00f3lica a intervenir para poner fin a las agresiones en contra de los congregantes cristianos evang\u00e9licos de dicha poblaci\u00f3n, a los cuales feligreses cat\u00f3licos les quemaron el templo, destruyeron y robaron sus casas, animales y cultivos.<\/p>\n\n\n\n<p>La agresiones contra las familias cristianas evang\u00e9licas de la rancher\u00eda comenzaron en diciembre pasado, y fueron escalando, se\u00f1al\u00f3 a \u201cLa Jornada\u201d Isa\u00edas L\u00f3pez Hern\u00e1ndez, representante de los pastores de la ICIAR en Ciudad de M\u00e9xico y Puebla.<\/p>\n\n\n\n<p>\u201cTristemente a pesar de que ya tuvieron reuni\u00f3n con representantes de Gobernaci\u00f3n y de la Direcci\u00f3n de Cultos Religiosos (de la entidad), los que quedaron de actuar conforme a las leyes, no ha sucedido. Los congregantes han sufrido, y todo esto puede causar p\u00e9rdida de vidas. La autoridad no ha actuado. Se ha invitado al gobernador de Oaxaca Salom\u00f3n Jara Cruz que intervenga, y no hay respuesta\u201d.<\/p>\n\n\n\n<p>Acot\u00f3 que, Aaron Cort\u00e9s, pastor general de la ICIAR se traslad\u00f3 a la zona a fin de gestionar un cese de las hostilidades y de brindar respaldo a los integrantes de la iglesia cristiana evang\u00e9lica. La opci\u00f3n que se maneja es trasladar a los congregantes a una zona segura y enviarles ayuda en v\u00edveres y econ\u00f3micamente.<\/p>\n\n\n\n<p>Elio Masferrer, especialista en temas religiosos expuso que el arzobispo de Oaxaca, Pedro V\u00e1zquez Villalobos, quien en la homil\u00eda dominical reconoci\u00f3 que el templo cristiano evang\u00e9lico fue quemado por cat\u00f3licos, \u201ctendr\u00eda que ir a la localidad con los curas del rumbo y decir a los habitantes que la iglesia cat\u00f3lica que opone a este tipo de agresiones y advertirles que si contin\u00faan con la violencia los excomulgar\u00e1n\u201d. Si nada m\u00e1s habla a favor del respeto a la fe que profesan otras personas, es solo un \u201cacto de cinismo\u201d.<\/p>\n\n\n\n<p>Tom\u00e1s de Jes\u00fas Toribio, presidente de la Asociaci\u00f3n Nacional e Internacional de Derechos Humanos (ANIDH), llam\u00f3 al gobierno de Oaxaca y a la Secretar\u00eda de Gobernaci\u00f3n a que intervengan y pacifiquen la zona, \u201cporque nuestros hermanos est\u00e1n sufriendo intolerancia religiosa\u201d.<br>A\u00f1adi\u00f3 que \u201cbajo el argumento de usos y costumbres ellos (los cat\u00f3licos) no permiten otro tipo de creencias, entonces \u00bfd\u00f3nde queda la libertad de culto?. El arzobispo deber\u00eda \u201chablar con sus feligreses porque est\u00e1n poniendo en riesgo vidas e invadiendo propiedad privada. Esto puede generar un conflicto mayor, y que el gobierno oaxaque\u00f1o sirva como conciliador\u201d.<\/p>\n\n\n\n<p>(Informaci\u00f3n de \u201cLa Jornada\u201d)<\/p>\n","protected":false},"excerpt":{"rendered":"<p>Redacci\u00f3n\/Zona Roja Cdmx. Ciudad de M\u00e9xico, a 24 de agosto de 2024.- Pastores, expertos en&hellip;<\/p>\n","protected":false},"author":2,"featured_media":71728,"comment_status":"closed","ping_status":"open","sticky":false,"template":"","format":"standard","meta":{"_lmt_disableupdate":"","_lmt_disable":"","_jetpack_memberships_contains_paid_content":false,"footnotes":""},"categories":[109,47],"tags":[1372,1083],"class_list":["post-71727","post","type-post","status-publish","format-standard","has-post-thumbnail","hentry","category-minuto-a-minuto","category-zona-gris","tag-intolerancia-religiosa-oaxaca","tag-san-juan-lalana"],"jetpack_featured_media_url":"https:\/\/zonaroja.com.mx\/wp-content\/uploads\/2024\/08\/Incendio-templo-evangelico-Cerro-Cajon-Lalana.jpg","jetpack_sharing_enabled":true,"_links":{"self":[{"href":"https:\/\/zonaroja.com.mx\/index.php?rest_route=\/wp\/v2\/posts\/71727","targetHints":{"allow":["GET"]}}],"collection":[{"href":"https:\/\/zonaroja.com.mx\/index.php?rest_route=\/wp\/v2\/posts"}],"about":[{"href":"https:\/\/zonaroja.com.mx\/index.php?rest_route=\/wp\/v2\/types\/post"}],"author":[{"embeddable":true,"href":"https:\/\/zonaroja.com.mx\/index.php?rest_route=\/wp\/v2\/users\/2"}],"replies":[{"embeddable":true,"href":"https:\/\/zonaroja.com.mx\/index.php?rest_route=%2Fwp%2Fv2%2Fcomments&post=71727"}],"version-history":[{"count":1,"href":"https:\/\/zonaroja.com.mx\/index.php?rest_route=\/wp\/v2\/posts\/71727\/revisions"}],"predecessor-version":[{"id":71729,"href":"https:\/\/zonaroja.com.mx\/index.php?rest_route=\/wp\/v2\/posts\/71727\/revisions\/71729"}],"wp:featuredmedia":[{"embeddable":true,"href":"https:\/\/zonaroja.com.mx\/index.php?rest_route=\/wp\/v2\/media\/71728"}],"wp:attachment":[{"href":"https:\/\/zonaroja.com.mx\/index.php?rest_route=%2Fwp%2Fv2%2Fmedia&parent=71727"}],"wp:term":[{"taxonomy":"category","embeddable":true,"href":"https:\/\/zonaroja.com.mx\/index.php?rest_route=%2Fwp%2Fv2%2Fcategories&post=71727"},{"taxonomy":"post_tag","embeddable":true,"href":"https:\/\/zonaroja.com.mx\/index.php?rest_route=%2Fwp%2Fv2%2Ftags&post=71727"}],"curies":[{"name":"wp","href":"https:\/\/api.w.org\/{rel}","templated":true}]}}