{"id":71734,"date":"2024-08-24T18:13:44","date_gmt":"2024-08-25T00:13:44","guid":{"rendered":"https:\/\/zonaroja.com.mx\/?p=71734"},"modified":"2024-08-24T18:13:44","modified_gmt":"2024-08-25T00:13:44","slug":"reconoce-diputado-respaldo-del-gobernador-a-la-region-mixteca","status":"publish","type":"post","link":"https:\/\/zonaroja.com.mx\/?p=71734","title":{"rendered":"Reconoce diputado respaldo del gobernador a la regi\u00f3n Mixteca"},"content":{"rendered":"\n<p>Redacci\u00f3n\/Zona Roja.&nbsp;<\/p>\n\n\n\n<p>Oaxaca de Ju\u00e1rez, Oax., a 24 de agosto de 2024.- El legislador Sergio L\u00f3pez S\u00e1nchez acompa\u00f1\u00f3 al gobernador de Oaxaca, Salom\u00f3n Jara Cruz, en su gira de trabajo por la regi\u00f3n de la Mixteca, para escuchar y atender las diversas necesidades del pueblo.&nbsp;<\/p>\n\n\n\n<p>Al iniciar el recorrido en el municipio de San Antonino Monte Verde, el diputado resalt\u00f3 el trabajo que realiza el actual Ejecutivo estatal, porque desde que inici\u00f3 su administraci\u00f3n se destaca por ser un gobierno de territorio y no de escritorio.&nbsp;<\/p>\n\n\n\n<p>\u201cLas acciones de gobierno que ha emprendido el ingeniero Salom\u00f3n Jara Cruz, son justamente las que van de manera directa a apoyar a la poblaci\u00f3n en temas de infraestructura carretera, educaci\u00f3n, seguridad, salud. Por ello, hoy, estamos muy contentos porque sabemos que habr\u00e1 buenas respuestas en favor del pueblo\u201d, expres\u00f3.&nbsp;<\/p>\n\n\n\n<p>Al dar la bienvenida y agradecer a las diversas autoridades, L\u00f3pez S\u00e1nchez refrend\u00f3 su compromiso para que, desde el Congreso de Oaxaca se contin\u00faen acompa\u00f1ando los esfuerzos y las acciones del gobierno estatal, \u201cen las reformas necesarias que se tengan que hacer para tener un Oaxaca avanzando, pr\u00f3spero, en desarrollo, en bienestar\u201d, enfatiz\u00f3.&nbsp;<\/p>\n\n\n\n<p>Agradeci\u00f3 a las autoridades municipales, as\u00ed como al Ejecutivo estatal, a la presidenta honoraria del Sistema Estatal para el Desarrollo Integral de la Familia (DIF), Irma Bola\u00f1os Quijano, a los senadores electos Laura Estrada Mauro y Luis Alfonso Silva Romo, por participar en esta jornada de la estrategia gubernamental \u201cTrabajo que transforma tu municipio\u201d.&nbsp;<\/p>\n\n\n\n<p>Durante este viernes, tambi\u00e9n se escucharon y atendieron las necesidades de la poblaci\u00f3n de los municipios de San Sebasti\u00e1n Nicananduta y Santiago Yolom\u00e9catl, en los \u00e1mbitos de salud, educaci\u00f3n, infraestructura, del campo, obras p\u00fablicas y vivienda.<\/p>\n","protected":false},"excerpt":{"rendered":"<p>Redacci\u00f3n\/Zona Roja.&nbsp; Oaxaca de Ju\u00e1rez, Oax., a 24 de agosto de 2024.- El legislador Sergio&hellip;<\/p>\n","protected":false},"author":2,"featured_media":71733,"comment_status":"closed","ping_status":"open","sticky":false,"template":"","format":"standard","meta":{"_lmt_disableupdate":"","_lmt_disable":"","_jetpack_memberships_contains_paid_content":false,"footnotes":""},"categories":[109,46],"tags":[],"class_list":["post-71734","post","type-post","status-publish","format-standard","has-post-thumbnail","hentry","category-minuto-a-minuto","category-zona-blanca"],"jetpack_featured_media_url":"https:\/\/zonaroja.com.mx\/wp-content\/uploads\/2024\/08\/img_6525-1.jpg","jetpack_sharing_enabled":true,"_links":{"self":[{"href":"https:\/\/zonaroja.com.mx\/index.php?rest_route=\/wp\/v2\/posts\/71734","targetHints":{"allow":["GET"]}}],"collection":[{"href":"https:\/\/zonaroja.com.mx\/index.php?rest_route=\/wp\/v2\/posts"}],"about":[{"href":"https:\/\/zonaroja.com.mx\/index.php?rest_route=\/wp\/v2\/types\/post"}],"author":[{"embeddable":true,"href":"https:\/\/zonaroja.com.mx\/index.php?rest_route=\/wp\/v2\/users\/2"}],"replies":[{"embeddable":true,"href":"https:\/\/zonaroja.com.mx\/index.php?rest_route=%2Fwp%2Fv2%2Fcomments&post=71734"}],"version-history":[{"count":1,"href":"https:\/\/zonaroja.com.mx\/index.php?rest_route=\/wp\/v2\/posts\/71734\/revisions"}],"predecessor-version":[{"id":71735,"href":"https:\/\/zonaroja.com.mx\/index.php?rest_route=\/wp\/v2\/posts\/71734\/revisions\/71735"}],"wp:featuredmedia":[{"embeddable":true,"href":"https:\/\/zonaroja.com.mx\/index.php?rest_route=\/wp\/v2\/media\/71733"}],"wp:attachment":[{"href":"https:\/\/zonaroja.com.mx\/index.php?rest_route=%2Fwp%2Fv2%2Fmedia&parent=71734"}],"wp:term":[{"taxonomy":"category","embeddable":true,"href":"https:\/\/zonaroja.com.mx\/index.php?rest_route=%2Fwp%2Fv2%2Fcategories&post=71734"},{"taxonomy":"post_tag","embeddable":true,"href":"https:\/\/zonaroja.com.mx\/index.php?rest_route=%2Fwp%2Fv2%2Ftags&post=71734"}],"curies":[{"name":"wp","href":"https:\/\/api.w.org\/{rel}","templated":true}]}}