{"id":71742,"date":"2024-08-25T07:38:00","date_gmt":"2024-08-25T13:38:00","guid":{"rendered":"https:\/\/zonaroja.com.mx\/?p=71742"},"modified":"2024-08-25T06:39:44","modified_gmt":"2024-08-25T12:39:44","slug":"en-pleno-centro-de-la-cdmx-matan-a-una-familia","status":"publish","type":"post","link":"https:\/\/zonaroja.com.mx\/?p=71742","title":{"rendered":"En pleno centro de la Cdmx matan a una familia"},"content":{"rendered":"\n<p>Redacci\u00f3n\/Zona Roja Cdmx.<\/p>\n\n\n\n<p>Ciudad de M\u00e9xico, a 25 de agosto de 2024.- Dos mujeres y un hombre fueron hallados sin vida en un edificio departamental ubicado en Paseo de la Reforma 378 en la colonia Ju\u00e1rez, mismo que se encontraba en litigio y en el cual la familia estaba involucrada en su defensa.<\/p>\n\n\n\n<p>De acuerdo con la indagatoria, desde el pasado 17 de agosto, Rub\u00e9n Mancera G\u00e1mez, Sevinch Ergin Kyashifova, de 50 a\u00f1os, y Lorena Shukrian Mancera Kyashofiva, de 20 a\u00f1os, fueron reportados ante la fiscal\u00eda capitalina como desaparecidos.<\/p>\n\n\n\n<p>En el bolet\u00edn de b\u00fasqueda de personas se se\u00f1ala que los tres son padre, madre e hija, cuya publicaci\u00f3n se encontraba pegada en un predio del Paseo de la Reforma que ten\u00eda desplegada una lona que advert\u00eda \u201cPredio en litigio, no se deje sorprender\u201d.<\/p>\n\n\n\n<p>Tras diversas indagatorias, la Fiscal\u00eda de Personas Desaparecidas solicit\u00f3 y obtuvo de un juez capitalino una orden de cateo en el predio de Paseo de la Reforma 378, misma que fue ejecutada la noche de este viernes 25 de agosto y fue que se hallaron los cad\u00e1veres.<\/p>\n\n\n\n<p>\u201cUn familiar report\u00f3 la desaparici\u00f3n de las tres personas desde el pasado 17 de agosto, dado que no obtuvo respuesta de ninguna de ellas a trav\u00e9s de llamadas telef\u00f3nicas. Tales hechos fueron notificados al Ministerio P\u00fablico de la Fiscal\u00eda de Investigaci\u00f3n y B\u00fasqueda de Personas Desaparecidas (FIPEDE), que orden\u00f3 un inmediato rastreo interinstitucional para localizarlas\u201d, se lee en un comunicado.<\/p>\n\n\n\n<p>Tras el levantamiento de los tres cad\u00e1veres, la Fiscal\u00eda de la Ciudad de M\u00e9xico abri\u00f3 las carpetas de investigaci\u00f3n correspondientes por el delito de homicidio doloso.<\/p>\n\n\n\n<p>Los cuerpos ser\u00e1n sometidos a las necropsias de ley para determinar las causas de muerte, en tanto el predio, permanece resguardado por autoridades capitalinas<\/p>\n\n\n\n<p>(Informaci\u00f3n y foto de \u201cExpansi\u00f3n Pol\u00edtica\u201d)<\/p>\n","protected":false},"excerpt":{"rendered":"<p>Redacci\u00f3n\/Zona Roja Cdmx. Ciudad de M\u00e9xico, a 25 de agosto de 2024.- Dos mujeres y&hellip;<\/p>\n","protected":false},"author":2,"featured_media":71743,"comment_status":"closed","ping_status":"open","sticky":false,"template":"","format":"standard","meta":{"_lmt_disableupdate":"","_lmt_disable":"","_jetpack_memberships_contains_paid_content":false,"footnotes":""},"categories":[109,51],"tags":[],"class_list":["post-71742","post","type-post","status-publish","format-standard","has-post-thumbnail","hentry","category-minuto-a-minuto","category-zona-roja"],"jetpack_featured_media_url":"https:\/\/zonaroja.com.mx\/wp-content\/uploads\/2024\/08\/Familia-asesinada-Paseo-de-la-Reforma-Cdmx.jpeg","jetpack_sharing_enabled":true,"_links":{"self":[{"href":"https:\/\/zonaroja.com.mx\/index.php?rest_route=\/wp\/v2\/posts\/71742","targetHints":{"allow":["GET"]}}],"collection":[{"href":"https:\/\/zonaroja.com.mx\/index.php?rest_route=\/wp\/v2\/posts"}],"about":[{"href":"https:\/\/zonaroja.com.mx\/index.php?rest_route=\/wp\/v2\/types\/post"}],"author":[{"embeddable":true,"href":"https:\/\/zonaroja.com.mx\/index.php?rest_route=\/wp\/v2\/users\/2"}],"replies":[{"embeddable":true,"href":"https:\/\/zonaroja.com.mx\/index.php?rest_route=%2Fwp%2Fv2%2Fcomments&post=71742"}],"version-history":[{"count":1,"href":"https:\/\/zonaroja.com.mx\/index.php?rest_route=\/wp\/v2\/posts\/71742\/revisions"}],"predecessor-version":[{"id":71744,"href":"https:\/\/zonaroja.com.mx\/index.php?rest_route=\/wp\/v2\/posts\/71742\/revisions\/71744"}],"wp:featuredmedia":[{"embeddable":true,"href":"https:\/\/zonaroja.com.mx\/index.php?rest_route=\/wp\/v2\/media\/71743"}],"wp:attachment":[{"href":"https:\/\/zonaroja.com.mx\/index.php?rest_route=%2Fwp%2Fv2%2Fmedia&parent=71742"}],"wp:term":[{"taxonomy":"category","embeddable":true,"href":"https:\/\/zonaroja.com.mx\/index.php?rest_route=%2Fwp%2Fv2%2Fcategories&post=71742"},{"taxonomy":"post_tag","embeddable":true,"href":"https:\/\/zonaroja.com.mx\/index.php?rest_route=%2Fwp%2Fv2%2Ftags&post=71742"}],"curies":[{"name":"wp","href":"https:\/\/api.w.org\/{rel}","templated":true}]}}