{"id":71748,"date":"2024-08-25T09:45:00","date_gmt":"2024-08-25T15:45:00","guid":{"rendered":"https:\/\/zonaroja.com.mx\/?p=71748"},"modified":"2024-08-25T07:00:30","modified_gmt":"2024-08-25T13:00:30","slug":"atrae-la-cidh-atrae-caso-de-mujer-violentada-por-director-de-monte-de-piedad","status":"publish","type":"post","link":"https:\/\/zonaroja.com.mx\/?p=71748","title":{"rendered":"Atrae la CIDH atrae caso de mujer violentada por director de Monte de Piedad"},"content":{"rendered":"\n<p>Willy L. Torres\/Zona Roja.<\/p>\n\n\n\n<p>Oaxaca de Ju\u00e1rez, Oax., a 25 de agosto de 2024.- La Comisi\u00f3n Interamericana de los Derechos Humanos (CIDH), dependiente de la Organizaci\u00f3n de Estados Americanos (OEA) dio entrada al caso de la oaxaque\u00f1a Liliana Altamirano Calder\u00f3n, quien presuntamente fuera violentada sexual y acosada laboralmente por el director del Monte de Piedad de Oaxaca, Omar Juli\u00e1n Juli\u00e1n.<\/p>\n\n\n\n<p>\u201cMi caso es hist\u00f3rico pues se investigar\u00e1 al gobierno de Salom\u00f3n Jara por violencia de g\u00e9nero. La CIDH ya le &nbsp;est\u00e1 solicitando informes sobre mi denuncia\u201d, ha se\u00f1alado Altamirano Calder\u00f3n, quien sigue tocando puertas para que se le haga justicia y su caso no quede impune.<\/p>\n\n\n\n<p>En un documento fechado el 1 de agosto de 2024, suscrito por el secretario Ejecutivo adjunto de la CIDH, Jorge Meza, enviado a la embajadora, Representante Permanente de M\u00e9xico ante la OEA, Luz Elena Ba\u00f1os Rivas, precisa:&nbsp;<\/p>\n\n\n\n<p>\u201cSu Excelencia:<\/p>\n\n\n\n<p>\u201cTengo el honor de dirigirme a usted en nombre de la Comisi\u00f3n Interamericana de Derechos &nbsp;Humanos con el objeto de transmitir, conforme al art\u00edculo 30(2) de su Reglamento, copia de las partes pertinentes de la petici\u00f3n arriba mencionada, la cual fue recibida en esta Secretar\u00eda Ejecutiva el 03 de diciembre de 2023.<\/p>\n\n\n\n<p>\u201cSolicito respetuosamente al Gobierno de Su Excelencia tenga a bien presentar una respuesta a la petici\u00f3n dentro del plazo de tres meses, prorrogable si fuese necesario hasta un m\u00e1ximo de cuatro meses, conforme al art\u00edculo 30(3) del Reglamento de la CIDH. Se advierte la imposibilidad de otorgar solicitudes de pr\u00f3rrogas que excedan el plazo arriba indicado. El plazo de cuatro meses mencionado es improrrogable, de conformidad con el art\u00edculo 30(3) del Reglamento de la CIDH\u201d.<\/p>\n\n\n\n<p>EL CASO<\/p>\n\n\n\n<p>El pasado 27 de junio de 2023, Magda Liliana Altamirano Calder\u00f3n, denunci\u00f3 p\u00fablicamente el acoso laboral, sexual y despido injustificado por denunciar actos de presunta corrupci\u00f3n en el Monte de Piedad de Oaxaca. dependencia del gobierno donde laboraba.&nbsp;<\/p>\n\n\n\n<p>Lamenta que, a pesar de tener conocimiento de los hechos, el gobernador Salom\u00f3n Jara no haya intervenido para asegurar la justicia en el caso.<\/p>\n\n\n\n<p>Indica que, antes de presentar su denuncia e iniciar la correspondiente investigaci\u00f3n, intentaron sobornarla personas cercanas al director del Monte de Piedad. Adem\u00e1s, estas personas la amenazaron con abrirle un procedimiento de responsabilidad para desprestigiarla.<\/p>\n\n\n\n<p>Advierte&nbsp;que teme por su vida, ya que, al denunciar la corrupci\u00f3n existente en el gobierno de Oaxaca, tambi\u00e9n ha recibido amenazas de personas que le han dicho que \u00abiba a terminar con su persona y su vida\u00bb.<\/p>\n\n\n\n<p>Seg\u00fan su testimonio, todo comenz\u00f3 cuando descubri\u00f3 que un empleado de la sucursal del Monte de Piedad en las calles de 20 de noviembre en el Centro Hist\u00f3rico guardaba una gran cantidad de joyas de alto valor que ocultaba para sustraerlas y obtener un beneficio personal. Presuntamente, contaba con c\u00f3mplices, quienes, al ser descubiertos, comenzaron una campa\u00f1a en su contra.<\/p>\n\n\n\n<p>Afirma que los intentos de intimidaci\u00f3n y el despido injustificado fueron seguidos por amenazas e incluso acoso sexual por parte de personas cercanas a los directivos del Monte de Piedad, quienes le ofrecieron dinero a cambio de su silencio.<\/p>\n","protected":false},"excerpt":{"rendered":"<p>Willy L. Torres\/Zona Roja. Oaxaca de Ju\u00e1rez, Oax., a 25 de agosto de 2024.- La&hellip;<\/p>\n","protected":false},"author":2,"featured_media":71749,"comment_status":"closed","ping_status":"open","sticky":false,"template":"","format":"standard","meta":{"_lmt_disableupdate":"","_lmt_disable":"","_jetpack_memberships_contains_paid_content":false,"footnotes":""},"categories":[109,46],"tags":[3593],"class_list":["post-71748","post","type-post","status-publish","format-standard","has-post-thumbnail","hentry","category-minuto-a-minuto","category-zona-blanca","tag-magda-liliana-altamirano-calderon"],"jetpack_featured_media_url":"https:\/\/zonaroja.com.mx\/wp-content\/uploads\/2024\/08\/Magda-Liliana-Altamirano-Calderon.jpeg","jetpack_sharing_enabled":true,"_links":{"self":[{"href":"https:\/\/zonaroja.com.mx\/index.php?rest_route=\/wp\/v2\/posts\/71748","targetHints":{"allow":["GET"]}}],"collection":[{"href":"https:\/\/zonaroja.com.mx\/index.php?rest_route=\/wp\/v2\/posts"}],"about":[{"href":"https:\/\/zonaroja.com.mx\/index.php?rest_route=\/wp\/v2\/types\/post"}],"author":[{"embeddable":true,"href":"https:\/\/zonaroja.com.mx\/index.php?rest_route=\/wp\/v2\/users\/2"}],"replies":[{"embeddable":true,"href":"https:\/\/zonaroja.com.mx\/index.php?rest_route=%2Fwp%2Fv2%2Fcomments&post=71748"}],"version-history":[{"count":1,"href":"https:\/\/zonaroja.com.mx\/index.php?rest_route=\/wp\/v2\/posts\/71748\/revisions"}],"predecessor-version":[{"id":71750,"href":"https:\/\/zonaroja.com.mx\/index.php?rest_route=\/wp\/v2\/posts\/71748\/revisions\/71750"}],"wp:featuredmedia":[{"embeddable":true,"href":"https:\/\/zonaroja.com.mx\/index.php?rest_route=\/wp\/v2\/media\/71749"}],"wp:attachment":[{"href":"https:\/\/zonaroja.com.mx\/index.php?rest_route=%2Fwp%2Fv2%2Fmedia&parent=71748"}],"wp:term":[{"taxonomy":"category","embeddable":true,"href":"https:\/\/zonaroja.com.mx\/index.php?rest_route=%2Fwp%2Fv2%2Fcategories&post=71748"},{"taxonomy":"post_tag","embeddable":true,"href":"https:\/\/zonaroja.com.mx\/index.php?rest_route=%2Fwp%2Fv2%2Ftags&post=71748"}],"curies":[{"name":"wp","href":"https:\/\/api.w.org\/{rel}","templated":true}]}}