{"id":71759,"date":"2024-08-25T12:00:00","date_gmt":"2024-08-25T18:00:00","guid":{"rendered":"https:\/\/zonaroja.com.mx\/?p=71759"},"modified":"2024-08-25T07:18:46","modified_gmt":"2024-08-25T13:18:46","slug":"declara-israel-estado-de-emergencia-ante-posibles-ataques-de-hizbula","status":"publish","type":"post","link":"https:\/\/zonaroja.com.mx\/?p=71759","title":{"rendered":"Declara Israel estado de emergencia ante posibles ataques de Hizbul\u00e1"},"content":{"rendered":"\n<p>Redacci\u00f3n\/Zona Roja Cdmx.<\/p>\n\n\n\n<p>Ciudad de M\u00e9xico, a 25 de agosto de 2024.- El ministro de Defensa de Israel, Yoav Gallant, declar\u00f3 este domingo el estado de emergencia militar tras lanzar bombardeos en L\u00edbano, para frustrar un inminente ataque a gran escala por parte del grupo chi\u00ed Hizbul\u00e1.<\/p>\n\n\n\n<p>En un comunicado, el Ministerio de Defensa inform\u00f3 de que Gallant ha activado una \u00absituaci\u00f3n especial en el frente interior\u00bb, a\u00f1adiendo que \u00abesta declaraci\u00f3n del estado de emergencia permite al Ej\u00e9rcito dar instrucciones a los ciudadanos de Israel, como limitar las reuniones y cerrar lugares cuando sea relevante\u00bb.<\/p>\n\n\n\n<p>El ministro mantuvo adem\u00e1s una llamada con su hom\u00f3logo estadounidense, Lloyd Austin, en la que Gallant le confirm\u00f3 que Israel ha lanzado \u00abataques precisos\u00bb contra L\u00edbano para frustrar una amenaza inminente contra Israel.<\/p>\n\n\n\n<p>En la madrugada de este domingo, el Ej\u00e9rcito de Israel identific\u00f3 que Hizbul\u00e1 se preparaba para disparar misiles y cohetes hacia territorio israel\u00ed, y en respuesta a estas amenazas, la fuerza A\u00e9rea lanz\u00f3 bombardeos a \u00abobjetivos terroristas en el L\u00edbano\u00bb.<\/p>\n\n\n\n<p>Poco despu\u00e9s, las autoridades anunciaron restricciones en todo el territorio al norte de Tel Aviv, como limitar los grupos de gente a 30 personas en exteriores y 300 en interiores o prohibir el ba\u00f1o en las playas cercanas a la frontera.<\/p>\n\n\n\n<p>Las oficinas y centros educativos pueden seguir operando siempre y cuando cuenten con un refugio antia\u00e9reo cercano.<\/p>\n\n\n\n<p>El Jefe del Estado Mayor del Ej\u00e9rcito israel\u00ed, Herzi Halevi, dirige la ofensiva y las operaciones defensivas desde la base militar de Kirya, en Tel Aviv, junto a los m\u00e1ximos dirigentes de las fuerzas armadas.<\/p>\n\n\n\n<p>Lee tambi\u00e9n: Israel reanuda negociaci\u00f3n para tregua en Gaza<\/p>\n\n\n\n<p>Desde que surgi\u00f3 el anuncio, no han cesado de activarse las sirenas antia\u00e9reas en el \u00e1rea israel\u00ed fronteriza con L\u00edbano.<\/p>\n\n\n\n<p>El servicio de emergencias israel\u00ed Magen David Adom elev\u00f3 \u00absu estado de alerta al nivel m\u00e1s alto en todo el pa\u00eds\u00bb, aunque hasta el momento no ha recibido informes de v\u00edctimas.<\/p>\n\n\n\n<p>Hizbul\u00e1 se solidariz\u00f3 con el grupo islamista Ham\u00e1s en su guerra contra Israel en octubre pasado, y desde entonces, la violencia en la frontera entre Israel y L\u00edbano ha ido &#8216;in crescendo&#8217; hasta alcanzar la peor escalada b\u00e9lica desde la guerra de 2006.<\/p>\n\n\n\n<p>A esto se a\u00f1ade que Hizbul\u00e1 -aliado de Ir\u00e1n- jur\u00f3 perpetrar un ataque a gran escala contra Israel en venganza por la muerte de su m\u00e1ximo comandante, Fuad Shukr, ocurrida en un bombardeo israel\u00ed a las afueras de Beirut el 30 de julio.<\/p>\n\n\n\n<p>El intercambio de fuego en la divisoria se ha cobrado desde octubre la vida de al menos 636 personas, la mayor\u00eda en el lado liban\u00e9s y en las filas de Hizbul\u00e1, que ha confirmado 392 bajas.<\/p>\n\n\n\n<p>En total, han fallecido en L\u00edbano al menos 586 personas, entre ellos m\u00e1s de 124 civiles, mientras que en Israel han muerto 49 personas en el norte del territorio: 23 militares y 26 civiles, incluidos 12 menores en el ataque en la ciudad drusa de Majdal Shams, en los Altos del Gol\u00e1n ocupados.<\/p>\n\n\n\n<p>(Informaci\u00f3n de la agencia EFE)<\/p>\n","protected":false},"excerpt":{"rendered":"<p>Redacci\u00f3n\/Zona Roja Cdmx. Ciudad de M\u00e9xico, a 25 de agosto de 2024.- El ministro de&hellip;<\/p>\n","protected":false},"author":2,"featured_media":67291,"comment_status":"closed","ping_status":"open","sticky":false,"template":"","format":"standard","meta":{"_lmt_disableupdate":"","_lmt_disable":"","_jetpack_memberships_contains_paid_content":false,"footnotes":""},"categories":[109,47],"tags":[2668],"class_list":["post-71759","post","type-post","status-publish","format-standard","has-post-thumbnail","hentry","category-minuto-a-minuto","category-zona-gris","tag-conflicto-gaza-israel"],"jetpack_featured_media_url":"https:\/\/zonaroja.com.mx\/wp-content\/uploads\/2024\/04\/Guerra-Iran-Israel.jpg","jetpack_sharing_enabled":true,"_links":{"self":[{"href":"https:\/\/zonaroja.com.mx\/index.php?rest_route=\/wp\/v2\/posts\/71759","targetHints":{"allow":["GET"]}}],"collection":[{"href":"https:\/\/zonaroja.com.mx\/index.php?rest_route=\/wp\/v2\/posts"}],"about":[{"href":"https:\/\/zonaroja.com.mx\/index.php?rest_route=\/wp\/v2\/types\/post"}],"author":[{"embeddable":true,"href":"https:\/\/zonaroja.com.mx\/index.php?rest_route=\/wp\/v2\/users\/2"}],"replies":[{"embeddable":true,"href":"https:\/\/zonaroja.com.mx\/index.php?rest_route=%2Fwp%2Fv2%2Fcomments&post=71759"}],"version-history":[{"count":1,"href":"https:\/\/zonaroja.com.mx\/index.php?rest_route=\/wp\/v2\/posts\/71759\/revisions"}],"predecessor-version":[{"id":71760,"href":"https:\/\/zonaroja.com.mx\/index.php?rest_route=\/wp\/v2\/posts\/71759\/revisions\/71760"}],"wp:featuredmedia":[{"embeddable":true,"href":"https:\/\/zonaroja.com.mx\/index.php?rest_route=\/wp\/v2\/media\/67291"}],"wp:attachment":[{"href":"https:\/\/zonaroja.com.mx\/index.php?rest_route=%2Fwp%2Fv2%2Fmedia&parent=71759"}],"wp:term":[{"taxonomy":"category","embeddable":true,"href":"https:\/\/zonaroja.com.mx\/index.php?rest_route=%2Fwp%2Fv2%2Fcategories&post=71759"},{"taxonomy":"post_tag","embeddable":true,"href":"https:\/\/zonaroja.com.mx\/index.php?rest_route=%2Fwp%2Fv2%2Ftags&post=71759"}],"curies":[{"name":"wp","href":"https:\/\/api.w.org\/{rel}","templated":true}]}}