{"id":71761,"date":"2024-08-25T13:00:00","date_gmt":"2024-08-25T19:00:00","guid":{"rendered":"https:\/\/zonaroja.com.mx\/?p=71761"},"modified":"2024-08-25T07:20:27","modified_gmt":"2024-08-25T13:20:27","slug":"corredor-interoceanico-generara-3-mil-650-mdd-anuales-a-oaxaca-y-veracruz-ip","status":"publish","type":"post","link":"https:\/\/zonaroja.com.mx\/?p=71761","title":{"rendered":"Corredor Interoce\u00e1nico generar\u00e1 3 mil 650 mdd anuales a Oaxaca y Veracruz: IP"},"content":{"rendered":"\n<p>Redacci\u00f3n\/Zona Roja Cdmx.<\/p>\n\n\n\n<p>Ciudad de M\u00e9xico, a 25 de agosto de 2024.- Francisco Cervantes D\u00edaz, presidente del Consejo Coordinador Empresarial (CCE), afirm\u00f3 que el Corredor Interoce\u00e1nico del Istmo de Tehuantepec generar\u00e1 beneficios econ\u00f3micos por 3 mil 650 millones de d\u00f3lares a Oaxaca y Veracruz.<\/p>\n\n\n\n<p>\u201cEsperamos un potencial de generaci\u00f3n de beneficios econ\u00f3micos en los 79 municipios que integran el corredor, por un equivalente a 3 mil 650 millones de d\u00f3lares anuales\u201d, dijo el empresario.<\/p>\n\n\n\n<p>El dirigente empresarial particip\u00f3 en un evento de Promoci\u00f3n del Proyecto del Corredor del Istmo de Tehuantepec Oaxaca, en el que&nbsp; tambi\u00e9n participaron Ra\u00fal Ruiz Robles, secretario de Desarrollo Econ\u00f3mico de Oaxaca, as\u00ed como Raymundo Morales \u00c1ngeles, director general del Corredor Interoce\u00e1nico del Istmo de Tehuantepec&nbsp;<\/p>\n\n\n\n<p>\u201cAdem\u00e1s, es factible crear oportunidades de empleo para m\u00e1s de un mill\u00f3n de personas, y la revitalizaci\u00f3n de los puertos de Salina Cruz y de Coatzacoalcos con hasta 15 veces m\u00e1s respecto de su capacidad actual\u201d, coment\u00f3.<\/p>\n\n\n\n<p>\u201cDesde hace algunos a\u00f1os, los empresarios mexicanos&nbsp; planteamos coadyuvar en un plan para&nbsp; detonar el desarrollo econ\u00f3mico del sur de M\u00e9xico\u201d, record\u00f3.<\/p>\n\n\n\n<p>\u201cGracias al trabajo conjunto de gobiernos, empresarios y comunidades, hoy este anhelo va siendo realidad palpable\u201d, expres\u00f3.<\/p>\n\n\n\n<p>\u201cM\u00e1s all\u00e1 de las capacidades y vocaciones econ\u00f3micas originarias de los estados del sur, y en particular de Oaxaca y Veracruz, este Corredor permitir\u00e1 diversificar y multiplicar las escalas de desarrollo de la regi\u00f3n, a favor del bienestar de sus comunidades\u201d, apunt\u00f3.<\/p>\n\n\n\n<p>Se\u00f1al\u00f3 que en 2024 Oaxaca creci\u00f3 8.6%, lo cual representa m\u00e1s del doble que el promedio nacional.<\/p>\n\n\n\n<p>\u201cUn desarrollo de infraestructura en tal ubicaci\u00f3n, permitir\u00e1 detonar los beneficios del libre comercio con la zona este de los Estados Unidos, completando as\u00ed lo que hoy se tiene en las zonas oeste y centro de aquel pa\u00eds\u201d, detall\u00f3.<\/p>\n\n\n\n<p>\u201cEstamos viviendo por primera vez en d\u00e9cadas el impulso estructural del desarrollo del sur del pa\u00eds, ya con resultados y con expectativas concretas\u201d, declar\u00f3.<\/p>\n\n\n\n<p>\u201cLos empresarios nos sentimos parte y protagonistas, y as\u00ed nos mantendremos con la promoci\u00f3n del Corredor Interoce\u00e1nico del Istmo de Tehuantepec con inversi\u00f3n y con estrategias para coadyuvar a seguir aportando, desde nuestro sector, a favor del bienestar de un zona sensible y vital para nuestro pa\u00eds\u201d, dijo.&nbsp;<\/p>\n\n\n\n<p>(Informaci\u00f3n de Forbes M\u00e9xico)<\/p>\n","protected":false},"excerpt":{"rendered":"<p>Redacci\u00f3n\/Zona Roja Cdmx. Ciudad de M\u00e9xico, a 25 de agosto de 2024.- Francisco Cervantes D\u00edaz,&hellip;<\/p>\n","protected":false},"author":2,"featured_media":67989,"comment_status":"closed","ping_status":"open","sticky":false,"template":"","format":"standard","meta":{"_lmt_disableupdate":"","_lmt_disable":"","_jetpack_memberships_contains_paid_content":false,"footnotes":""},"categories":[109,46],"tags":[3763],"class_list":["post-71761","post","type-post","status-publish","format-standard","has-post-thumbnail","hentry","category-minuto-a-minuto","category-zona-blanca","tag-corredor-interoceanico-del-istmo-de-tehuantepec"],"jetpack_featured_media_url":"https:\/\/zonaroja.com.mx\/wp-content\/uploads\/2024\/05\/Puerto-de-Salina-Cruz.jpeg","jetpack_sharing_enabled":true,"_links":{"self":[{"href":"https:\/\/zonaroja.com.mx\/index.php?rest_route=\/wp\/v2\/posts\/71761","targetHints":{"allow":["GET"]}}],"collection":[{"href":"https:\/\/zonaroja.com.mx\/index.php?rest_route=\/wp\/v2\/posts"}],"about":[{"href":"https:\/\/zonaroja.com.mx\/index.php?rest_route=\/wp\/v2\/types\/post"}],"author":[{"embeddable":true,"href":"https:\/\/zonaroja.com.mx\/index.php?rest_route=\/wp\/v2\/users\/2"}],"replies":[{"embeddable":true,"href":"https:\/\/zonaroja.com.mx\/index.php?rest_route=%2Fwp%2Fv2%2Fcomments&post=71761"}],"version-history":[{"count":1,"href":"https:\/\/zonaroja.com.mx\/index.php?rest_route=\/wp\/v2\/posts\/71761\/revisions"}],"predecessor-version":[{"id":71762,"href":"https:\/\/zonaroja.com.mx\/index.php?rest_route=\/wp\/v2\/posts\/71761\/revisions\/71762"}],"wp:featuredmedia":[{"embeddable":true,"href":"https:\/\/zonaroja.com.mx\/index.php?rest_route=\/wp\/v2\/media\/67989"}],"wp:attachment":[{"href":"https:\/\/zonaroja.com.mx\/index.php?rest_route=%2Fwp%2Fv2%2Fmedia&parent=71761"}],"wp:term":[{"taxonomy":"category","embeddable":true,"href":"https:\/\/zonaroja.com.mx\/index.php?rest_route=%2Fwp%2Fv2%2Fcategories&post=71761"},{"taxonomy":"post_tag","embeddable":true,"href":"https:\/\/zonaroja.com.mx\/index.php?rest_route=%2Fwp%2Fv2%2Ftags&post=71761"}],"curies":[{"name":"wp","href":"https:\/\/api.w.org\/{rel}","templated":true}]}}