{"id":71763,"date":"2024-08-25T14:00:00","date_gmt":"2024-08-25T20:00:00","guid":{"rendered":"https:\/\/zonaroja.com.mx\/?p=71763"},"modified":"2024-08-25T07:21:47","modified_gmt":"2024-08-25T13:21:47","slug":"opinion-agosto-y-el-feminicidio-todo-peor","status":"publish","type":"post","link":"https:\/\/zonaroja.com.mx\/?p=71763","title":{"rendered":"Opini\u00f3n. Agosto y el feminicidio, todo peor"},"content":{"rendered":"\n<p>Soledad Jarqu\u00edn \u00c9dgar*\/SemM\u00e9xico<\/p>\n\n\n\n<p>Agosto es un mes donde han ocurrido cambios legislativos y burocr\u00e1ticos que est\u00e1n relacionados con el fen\u00f3meno del feminicidio en Oaxaca.&nbsp;<\/p>\n\n\n\n<p>Un 12 de agosto de 2012 se aprob\u00f3 la tipificaci\u00f3n de delito de feminicidio, que hab\u00eda estado en \u201can\u00e1lisis\u201d del congreso local durante un a\u00f1o. Una propuesta que hab\u00eda sido impulsada por las organizaciones de la sociedad civil y feministas que desde los noventa salieron a las calles para protestar, como una forma de denuncia y alerta, frente a lo que suced\u00eda en Ciudad Ju\u00e1rez, Chihuahua, que deton\u00f3 mirar estos cr\u00edmenes desde una perspectiva distinta.&nbsp;<\/p>\n\n\n\n<p>Incluso organizaciones como el GES Mujer y Consorcio para el Di\u00e1logo Parlamentario y la Equidad Oaxaca han realizado un recuento de los asesinatos violentos cometidos contra mujeres, el cual han ido perfeccionando con el paso del tiempo y la adquisici\u00f3n de nuevas herramientas. GES Mujer empez\u00f3 a documentos los casos en 1995 y el sistema se digitaliz\u00f3 en 2006, mientras que en Consorcio Oaxaca empez\u00f3 esta labor documental en 2006, poco despu\u00e9s de que el fen\u00f3meno de asesinar mujer por ser mujeres se empez\u00f3 nombrar como feminicidios.&nbsp;<\/p>\n\n\n\n<p>Seis a\u00f1os despu\u00e9s y ante la falta de resultado la Secretar\u00eda de Gobernaci\u00f3n emiti\u00f3 un 30 de agosto de 2018, una alerta por violencia de g\u00e9nero contra las mujeres en seis municipios de la Mixteca, tres de la Ca\u00f1ada, cinco del Istmo, dos de la Sierra Sur y dos m\u00e1s de la Sierra Norte, diez municipios de la Costa, ocho de Valles Centrales y cuatro el Papaloapan.&nbsp;<\/p>\n\n\n\n<p>Sobre esta alerta hay mar de historia. Primero es un llamamiento a las autoridades para que cumplan con su trabajo, como resultado de las muy altas cifras de casos de violencia; luego vino una especie de regateo de las autoridades locales, bajo en mandato ejecutivo priista de Alejandro Murat Hinojosa, para no cumplir con las medidas y s\u00ed ejecutar una serie de actos de simulaci\u00f3n, con el resultado que todo el mundo conoce. Fue el sexenio donde m\u00e1s asesinatos violentos se cometieron, registrados por las organizaciones de la sociedad civil: 718.&nbsp;<\/p>\n\n\n\n<p>Ya con el gobierno de Salom\u00f3n Jara Cruz podemos decir que, de enero a agosto del 2023, Oaxaca se hab\u00eda colocado en el quinto lugar por el n\u00famero de feminicidios cometidos, lo que lleva a pensar que en ese momento el problema se pod\u00eda considerar como grave, como lo es ahora, porque no podemos descartar otra cosa, considerando que en menos de dos a\u00f1os han ocurrido 181 asesinatos violentos de mujeres. Porque a pesar de que las fiscal\u00edas estatales, quienes reportan los casos al Secretariado Ejecutivo Nacional de Seguridad P\u00fablica siguen rasurando las cifras y descartando feminicidios para considerarlos homicidios dolosos, y reportan en promedio solo el 25 por ciento de los casos, lo cierto es que las cosas andan muy mal.&nbsp;<\/p>\n\n\n\n<p>A 12 a\u00f1os de la tipificaci\u00f3n del delito de feminicidio en Oaxaca, la prevenci\u00f3n sigue brillando por su ausencia, la atenci\u00f3n a las v\u00edctimas es un calvario, la sanci\u00f3n es el gran pendiente porque la impunidad es lo que existe, y la erradicaci\u00f3n del problema es un fantasma que sigue recorriendo los 40 municipios de la entidad considerados por la alerta emitida hace seis a\u00f1os y claro en los otros 530 que conforman la entidad.<\/p>\n\n\n\n<p>Desde hace seis a\u00f1os cuando la Secretar\u00eda de Gobernaci\u00f3n federal anunci\u00f3 con bombo y platillos la alerta de violencia de g\u00e9nero contra las mujeres, el 30 de agosto de 2018, han ocurrido 683 asesinatos violentos contra mujeres en Oaxaca, lo que demuestra lo dicho en el p\u00e1rrafo anterior.&nbsp;<\/p>\n\n\n\n<p>En suma, los hechos se ven con los resultados. Y aqu\u00ed no hay ninguno.<\/p>\n\n\n\n<p>*Periodista y activista feminista.<\/p>\n","protected":false},"excerpt":{"rendered":"<p>Soledad Jarqu\u00edn \u00c9dgar*\/SemM\u00e9xico Agosto es un mes donde han ocurrido cambios legislativos y burocr\u00e1ticos que&hellip;<\/p>\n","protected":false},"author":2,"featured_media":68029,"comment_status":"closed","ping_status":"open","sticky":false,"template":"","format":"standard","meta":{"_lmt_disableupdate":"","_lmt_disable":"","_jetpack_memberships_contains_paid_content":false,"footnotes":""},"categories":[456,109],"tags":[1105],"class_list":["post-71763","post","type-post","status-publish","format-standard","has-post-thumbnail","hentry","category-columna","category-minuto-a-minuto","tag-soledad-jarquin-edgar"],"jetpack_featured_media_url":"https:\/\/zonaroja.com.mx\/wp-content\/uploads\/2024\/05\/Soledad-Jarquin-Edgar.jpg","jetpack_sharing_enabled":true,"_links":{"self":[{"href":"https:\/\/zonaroja.com.mx\/index.php?rest_route=\/wp\/v2\/posts\/71763","targetHints":{"allow":["GET"]}}],"collection":[{"href":"https:\/\/zonaroja.com.mx\/index.php?rest_route=\/wp\/v2\/posts"}],"about":[{"href":"https:\/\/zonaroja.com.mx\/index.php?rest_route=\/wp\/v2\/types\/post"}],"author":[{"embeddable":true,"href":"https:\/\/zonaroja.com.mx\/index.php?rest_route=\/wp\/v2\/users\/2"}],"replies":[{"embeddable":true,"href":"https:\/\/zonaroja.com.mx\/index.php?rest_route=%2Fwp%2Fv2%2Fcomments&post=71763"}],"version-history":[{"count":1,"href":"https:\/\/zonaroja.com.mx\/index.php?rest_route=\/wp\/v2\/posts\/71763\/revisions"}],"predecessor-version":[{"id":71764,"href":"https:\/\/zonaroja.com.mx\/index.php?rest_route=\/wp\/v2\/posts\/71763\/revisions\/71764"}],"wp:featuredmedia":[{"embeddable":true,"href":"https:\/\/zonaroja.com.mx\/index.php?rest_route=\/wp\/v2\/media\/68029"}],"wp:attachment":[{"href":"https:\/\/zonaroja.com.mx\/index.php?rest_route=%2Fwp%2Fv2%2Fmedia&parent=71763"}],"wp:term":[{"taxonomy":"category","embeddable":true,"href":"https:\/\/zonaroja.com.mx\/index.php?rest_route=%2Fwp%2Fv2%2Fcategories&post=71763"},{"taxonomy":"post_tag","embeddable":true,"href":"https:\/\/zonaroja.com.mx\/index.php?rest_route=%2Fwp%2Fv2%2Ftags&post=71763"}],"curies":[{"name":"wp","href":"https:\/\/api.w.org\/{rel}","templated":true}]}}