{"id":71768,"date":"2024-08-25T20:09:07","date_gmt":"2024-08-26T02:09:07","guid":{"rendered":"https:\/\/zonaroja.com.mx\/?p=71768"},"modified":"2024-08-25T20:09:09","modified_gmt":"2024-08-26T02:09:09","slug":"indagan-agresiones-armadas-en-la-costa-con-saldo-de-dos-muertos","status":"publish","type":"post","link":"https:\/\/zonaroja.com.mx\/?p=71768","title":{"rendered":"Indagan agresiones armadas en la Costa, con saldo de dos muertos"},"content":{"rendered":"\n<p>Raymundo Morales\/Zona Roja.<\/p>\n\n\n\n<p>Oaxaca de Ju\u00e1rez, Oax., a 25 de agosto de 2024.- La Fiscal\u00eda General del Estado de Oaxaca investiga dos ataques armados registrado en las \u00faltimas horas en la regi\u00f3n Costa, con saldo de dos personas asesinadas y una m\u00e1s lesionada.<\/p>\n\n\n\n<p>Ayer por la madrugada se registr\u00f3 el primer ataque en la carretera federal 175 Puerto \u00c1ngel-Oaxaca, en jurisdicci\u00f3n del municipio de Candelaria Loxicha.<\/p>\n\n\n\n<p>Las v\u00edctimas transitaba en su unidad de motor cuando fueron agredidos a balazos por sujetos desconocidos; en el lugar muri\u00f3 una persona a\u00fan no identificada.<\/p>\n\n\n\n<p>Mientras que en un hospital fue localizado un lesionado, que dijo llamarse Milton B. D. P., de 40 a\u00f1os de edad. Hasta el momento se desconocen los motivos por los cuales los atacaron a balazos.<\/p>\n\n\n\n<p>EN PUERTO ESCONDIDO<\/p>\n\n\n\n<p>Tambi\u00e9n ayer pero en Puerto Escondido, agencia de San Pedro Mixtepec, fue atacado un individuo que transitaba por la avenida Hidalgo.<\/p>\n\n\n\n<p>Pese a que fue cerca de la agencia municipal, no hab\u00eda polic\u00edas locales en las cercan\u00edas que pudieran detener a los atacantes.<\/p>\n\n\n\n<p>La v\u00edctima a\u00fan no ha sido identificada y \u00fanicamente se revel\u00f3 que era un hombre de aproximadamente 35 a\u00f1os de edad.<\/p>\n","protected":false},"excerpt":{"rendered":"<p>Raymundo Morales\/Zona Roja. Oaxaca de Ju\u00e1rez, Oax., a 25 de agosto de 2024.- La Fiscal\u00eda&hellip;<\/p>\n","protected":false},"author":2,"featured_media":69341,"comment_status":"closed","ping_status":"open","sticky":false,"template":"","format":"standard","meta":{"_lmt_disableupdate":"","_lmt_disable":"","_jetpack_memberships_contains_paid_content":false,"footnotes":""},"categories":[109,51],"tags":[1275,590],"class_list":["post-71768","post","type-post","status-publish","format-standard","has-post-thumbnail","hentry","category-minuto-a-minuto","category-zona-roja","tag-candelaria-loxicha","tag-puerto-escondido"],"jetpack_featured_media_url":"https:\/\/zonaroja.com.mx\/wp-content\/uploads\/2024\/06\/Escena-ejecucion-crimen-homicidio.jpg","jetpack_sharing_enabled":true,"_links":{"self":[{"href":"https:\/\/zonaroja.com.mx\/index.php?rest_route=\/wp\/v2\/posts\/71768","targetHints":{"allow":["GET"]}}],"collection":[{"href":"https:\/\/zonaroja.com.mx\/index.php?rest_route=\/wp\/v2\/posts"}],"about":[{"href":"https:\/\/zonaroja.com.mx\/index.php?rest_route=\/wp\/v2\/types\/post"}],"author":[{"embeddable":true,"href":"https:\/\/zonaroja.com.mx\/index.php?rest_route=\/wp\/v2\/users\/2"}],"replies":[{"embeddable":true,"href":"https:\/\/zonaroja.com.mx\/index.php?rest_route=%2Fwp%2Fv2%2Fcomments&post=71768"}],"version-history":[{"count":1,"href":"https:\/\/zonaroja.com.mx\/index.php?rest_route=\/wp\/v2\/posts\/71768\/revisions"}],"predecessor-version":[{"id":71769,"href":"https:\/\/zonaroja.com.mx\/index.php?rest_route=\/wp\/v2\/posts\/71768\/revisions\/71769"}],"wp:featuredmedia":[{"embeddable":true,"href":"https:\/\/zonaroja.com.mx\/index.php?rest_route=\/wp\/v2\/media\/69341"}],"wp:attachment":[{"href":"https:\/\/zonaroja.com.mx\/index.php?rest_route=%2Fwp%2Fv2%2Fmedia&parent=71768"}],"wp:term":[{"taxonomy":"category","embeddable":true,"href":"https:\/\/zonaroja.com.mx\/index.php?rest_route=%2Fwp%2Fv2%2Fcategories&post=71768"},{"taxonomy":"post_tag","embeddable":true,"href":"https:\/\/zonaroja.com.mx\/index.php?rest_route=%2Fwp%2Fv2%2Ftags&post=71768"}],"curies":[{"name":"wp","href":"https:\/\/api.w.org\/{rel}","templated":true}]}}