{"id":71773,"date":"2024-08-26T07:27:32","date_gmt":"2024-08-26T13:27:32","guid":{"rendered":"https:\/\/zonaroja.com.mx\/?p=71773"},"modified":"2024-08-26T07:27:37","modified_gmt":"2024-08-26T13:27:37","slug":"fin-de-semana-mortal-8-asesinados-en-michoacan-4-morelos-y-calcinada-en-veracruz","status":"publish","type":"post","link":"https:\/\/zonaroja.com.mx\/?p=71773","title":{"rendered":"Fin de semana mortal: 8 asesinados en Michoac\u00e1n, 4 Morelos y calcinada en Veracruz"},"content":{"rendered":"\n<p>Redacci\u00f3n\/Zona Roja Cdmx.<\/p>\n\n\n\n<p>Ciudad de M\u00e9xico, a 26 de agosto de 2024.- Ocho personas murieron la noche del s\u00e1bado, al enfrentarse presuntos elementos de seguridad comunal con un grupo de civiles armados en los l\u00edmites entre Coahuayana y Colima, que a decir de los habitantes de esta regi\u00f3n costera fuero integrantes del C\u00e1rtel de Jalisco, informaron fuentes policiacas.<\/p>\n\n\n\n<p>De acuerdo con informaci\u00f3n de \u201cLa Jornada\u201d, las v\u00edctimas pertenecen a la ronda comunal que en encabeza H\u00e9ctor Zepeda, \u201cComandante Tetos\u201d, quien ha estado al frente del llamado grupo de autodefensa desde 2013, cuando en Tepalcatepec y La Ruana se levantaron en armas en contra del crimen organizado.<\/p>\n\n\n\n<p>Cabe que a decir de las autoridades comunales de Coahuyana y de Aquila desde hace al menos cinco a\u00f1os se ha enfrentado al llamado Cartel Jalisco Nueva Generaci\u00f3n que ha incursionado en varias ocasiones por esta regi\u00f3n como Ostula, El Ranchito La Cofrad\u00eda, entre otras localidades.<\/p>\n\n\n\n<p>No hay mucha informaci\u00f3n, la alcald\u00eda de Coahuayana solo inform\u00f3 que en los l\u00edmites de este municipio y Colima se registr\u00f3 el enfrentamiento, en el que una persona m\u00e1s result\u00f3 lesionada, pero se trata de zona deshabitada con vegetaci\u00f3n tropical.<\/p>\n\n\n\n<p>EN MORELOS<\/p>\n\n\n\n<p>Por, una nota informativa de Infobae M\u00e9xico detalla que la tarde del domingo 25 de agosto fue reportado un ataque armado en el poblado de Nepopualco, en el municipio de Totolapan, Morelos.&nbsp;<\/p>\n\n\n\n<p>Los primeros reportes de medios locales indican que como resultado habr\u00eda cuatro personas muertas adem\u00e1s de m\u00e1s herida.<\/p>\n\n\n\n<p>Una breve grabaci\u00f3n compartida en redes sociales muestra que al sitio acudieron las autoridades para acordonar la zona. Hasta el momento no se conocen las identidades de las v\u00edctimas y tampoco han sido reportadas detenciones por los hechos violentos ocurridos en inmediaciones de un negocio de comida.<\/p>\n\n\n\n<p>La prensa local se\u00f1ala que los hechos ocurrieron en un lugar donde se vende comida, a la altura el poblado de Nepopualco, en la carretera Xochimilco-Oaxtepec, a\u00f1ade la informaci\u00f3n de Infobae.&nbsp;<\/p>\n\n\n\n<p>EN VERACRUZ<\/p>\n\n\n\n<p>En tanto, seg\u00fan el peri\u00f3dico \u201cExc\u00e9lsior\u201d, una mujer fue localizada calcinada en el interior de una camioneta la ma\u00f1ana del domingo, en el tramo Yaguada-Correa, Veracruz, en los l\u00edmites de los municipios de Sayula de Alem\u00e1n y Oluta; horas antes fue privada de la libertad junto con otra persona que logr\u00f3 escapar.<\/p>\n\n\n\n<p>La v\u00edctima fue identificada como Raquel Cordero Guadalupe, vecina de esta demarcaci\u00f3n del sur de Veracruz. Las autoridades investigan el m\u00f3vil de este crimen.<\/p>\n\n\n\n<p>De acuerdo con los informes recabados, un d\u00eda antes Raquel Cabrera y otra persona, de la que no se conoce su identidad, fueron v\u00edctimas de un \u201clevant\u00f3n\u201d. La persona que logr\u00f3 escapar inform\u00f3 lo sucedido y fue activado un operativo para ubicar a Raquel Cordero, de 32 a\u00f1os, pero las horas transcurrieron y no hubo noticias de su paradero.<\/p>\n","protected":false},"excerpt":{"rendered":"<p>Redacci\u00f3n\/Zona Roja Cdmx. Ciudad de M\u00e9xico, a 26 de agosto de 2024.- Ocho personas murieron&hellip;<\/p>\n","protected":false},"author":2,"featured_media":65347,"comment_status":"closed","ping_status":"open","sticky":false,"template":"","format":"standard","meta":{"_lmt_disableupdate":"","_lmt_disable":"","_jetpack_memberships_contains_paid_content":false,"footnotes":""},"categories":[109,51],"tags":[1746],"class_list":["post-71773","post","type-post","status-publish","format-standard","has-post-thumbnail","hentry","category-minuto-a-minuto","category-zona-roja","tag-violencia-en-mexico"],"jetpack_featured_media_url":"https:\/\/zonaroja.com.mx\/wp-content\/uploads\/2024\/02\/Escena-asesinato-homicidio-crimen.jpeg.webp","jetpack_sharing_enabled":true,"_links":{"self":[{"href":"https:\/\/zonaroja.com.mx\/index.php?rest_route=\/wp\/v2\/posts\/71773","targetHints":{"allow":["GET"]}}],"collection":[{"href":"https:\/\/zonaroja.com.mx\/index.php?rest_route=\/wp\/v2\/posts"}],"about":[{"href":"https:\/\/zonaroja.com.mx\/index.php?rest_route=\/wp\/v2\/types\/post"}],"author":[{"embeddable":true,"href":"https:\/\/zonaroja.com.mx\/index.php?rest_route=\/wp\/v2\/users\/2"}],"replies":[{"embeddable":true,"href":"https:\/\/zonaroja.com.mx\/index.php?rest_route=%2Fwp%2Fv2%2Fcomments&post=71773"}],"version-history":[{"count":1,"href":"https:\/\/zonaroja.com.mx\/index.php?rest_route=\/wp\/v2\/posts\/71773\/revisions"}],"predecessor-version":[{"id":71774,"href":"https:\/\/zonaroja.com.mx\/index.php?rest_route=\/wp\/v2\/posts\/71773\/revisions\/71774"}],"wp:featuredmedia":[{"embeddable":true,"href":"https:\/\/zonaroja.com.mx\/index.php?rest_route=\/wp\/v2\/media\/65347"}],"wp:attachment":[{"href":"https:\/\/zonaroja.com.mx\/index.php?rest_route=%2Fwp%2Fv2%2Fmedia&parent=71773"}],"wp:term":[{"taxonomy":"category","embeddable":true,"href":"https:\/\/zonaroja.com.mx\/index.php?rest_route=%2Fwp%2Fv2%2Fcategories&post=71773"},{"taxonomy":"post_tag","embeddable":true,"href":"https:\/\/zonaroja.com.mx\/index.php?rest_route=%2Fwp%2Fv2%2Ftags&post=71773"}],"curies":[{"name":"wp","href":"https:\/\/api.w.org\/{rel}","templated":true}]}}