{"id":71775,"date":"2024-08-26T11:27:00","date_gmt":"2024-08-26T17:27:00","guid":{"rendered":"https:\/\/zonaroja.com.mx\/?p=71775"},"modified":"2024-08-26T08:21:38","modified_gmt":"2024-08-26T14:21:38","slug":"exhiben-en-centro-de-las-artes-placas-originales-de-francisco-toledo","status":"publish","type":"post","link":"https:\/\/zonaroja.com.mx\/?p=71775","title":{"rendered":"Exhiben en Centro de las Artes placas originales de Francisco Toledo"},"content":{"rendered":"\n<p>Redacci\u00f3n\/Zona Roja.<\/p>\n\n\n\n<p>Oaxaca de Ju\u00e1rez, Oax., a 26 de agosto de 20204.- \u201cFrancisco Toledo. Placas met\u00e1licas originales y obra gr\u00e1fica que \u00e9l cre\u00f3 con ellas\u201d es una exposici\u00f3n integrada por obra gr\u00e1fica creada por el artista Francisco Toledo (1940-2019), en colaboraci\u00f3n con V\u00edctor Acu\u00f1a (1939-2021) y Armando Colina, ambos fundadores de la galer\u00eda Arvil, durante los a\u00f1os 70 y principios de los 80. La muestra se inaugur\u00f3 el 17 de agosto en el Centro de la Artes de San Agust\u00edn (CaSa).<\/p>\n\n\n\n<p>Para acrecentar la Colecci\u00f3n Toledo de gr\u00e1fica, en 2023 el galerista Armando Colina realiz\u00f3 la donaci\u00f3n de las placas met\u00e1licas originales de la carpeta &nbsp;\u201cNuevos catecismos para indios remisos\u201d, consideradas por Colina como su \u201cobra maestra\u201d, entre las colaboraciones que realizaron, y ahora pueden ser apreciadas en la exposici\u00f3n, junto con los grabados. Tambi\u00e9n los acompa\u00f1an textos escritos por Carlos Monsiv\u00e1is, que sobresalen por ser sus \u00fanicas obras de ficci\u00f3n narrativa.<\/p>\n\n\n\n<p>Con el inter\u00e9s de que el p\u00fablico pudiera conocer obra gr\u00e1fica de grandes artistas, Colina y Acu\u00f1a realizaron numerosas donaciones a la Colecci\u00f3n Toledo a lo largo de los a\u00f1os.&nbsp;<\/p>\n\n\n\n<p>Entre estas obras, se encuentran piezas de David Alfaro Siqueiros, Leopoldo M\u00e9ndez, Pablo Picasso, entre otros.&nbsp;<\/p>\n\n\n\n<p>Adem\u00e1s, regularmente donaban libros al Instituto de Artes Gr\u00e1ficas de Oaxaca, para que fueran consultados por los visitantes. De este modo, acrecentaron la biblioteca de IAGO por cientos de libros. \u201cCuando nos interesaba la exposici\u00f3n, compr\u00e1bamos dos copias del cat\u00e1logo, una para nosotros y una para \u00e9l\u201d, recuerda Colina.<\/p>\n\n\n\n<p>Daniel Brena, director del CaSa, platic\u00f3 que \u201cToledo, Acu\u00f1a y Colina, produjeron cinco carpetas gr\u00e1ficas, comenzando con Toledo-Sahag\u00fan (1975), seguido por Toledo Chilam Balam (1975), en 1976, Toledo-Guchachi, Nuevo Catecismo para indios remisos en 1981 y, por \u00faltimo, Trece maneras de mirar un mirlo. Esta colaboraci\u00f3n continu\u00f3 con la producci\u00f3n de 12 obras individuales que Toledo realiz\u00f3 entre 1974 y 1984 y en 2001, con la obra \u201cAutorretrato con herramienta\u201d, que formar\u00eda parte del libro Francisco Toledo. Obra gr\u00e1fica para Arvil. 1974-2001.<\/p>\n\n\n\n<p>Detall\u00f3 que la relaci\u00f3n entre el artista y los galeristas, \u201cno s\u00f3lo abarc\u00f3 la producci\u00f3n de obra gr\u00e1fica, juntos impulsaron proyectos como la creaci\u00f3n del Premio Internacional de Cine Digital El Pochote y la organizaci\u00f3n del simposio&nbsp;Mundo, arte y muerte: sobre la determinaci\u00f3n de Martin Heidegger del lugar del arte moderno en el pensamiento de Ereignis\u201d.&nbsp;<\/p>\n\n\n\n<p>Sara L\u00f3pez a Ellitsgaard, presidenta de Amigos del IAGO y del CFMAB A.C. y Francisco Toledo A.C., agradeci\u00f3 a Colina \u201cpor siempre apoyar, contribuir y fomentar las artes en Oaxaca aunque el maestro Toledo ya no est\u00e1. Es un honor poder trabajar de la mano con alguien como t\u00fa y un gusto poder continuar los deseos de V\u00edctor Acu\u00f1a y el maestro\u201d.<\/p>\n\n\n\n<p>Destacando el profundo inter\u00e9s de Toledo en la literatura,&nbsp;las obras presentes en la exposici\u00f3n muestran la habilidad del artista para reinterpretar textos e integrarlos a su quehacer art\u00edstico, que se mezclan con su maestr\u00eda para las t\u00e9cnicas de grabado y la manipulaci\u00f3n de los materiales.<\/p>\n\n\n\n<p>Una muestra de ello, son las intervenciones que Toledo realiz\u00f3 directamente sobre una serie de placas met\u00e1licas tlaxcaltecas poblanas de los siglos XVIII y XIX que le fueron entregadas y a partir de ellas cre\u00f3 la serie de grabados pertenecientes a la carpeta \u201cNuevos catecismos para indios remisos\u201d, la cual cont\u00f3 con un tiraje de 25 impresiones. El manejo de estas placas es una muestra de su habilidad t\u00e9cnica para el grabado y una inmensa creatividad para atribuir nuevos significados a piezas que anteriormente eran de car\u00e1cter religioso.<\/p>\n\n\n\n<p>\u201cEs muy emocionante ver las obras, reflejo de esta fruct\u00edfera relaci\u00f3n entre Toledo, Colina y Acu\u00f1a hoy en el CaSa, un espacio que muestra el compromiso de Toledo por hacer del arte algo de car\u00e1cter p\u00fablico\u201d, destac\u00f3 Lucina Jim\u00e9nez, directora del Instituto Nacional de Bellas Artes y Literatura, acerca de esta exposici\u00f3n.<\/p>\n\n\n\n<p>\u00c9sta muestra es la celebraci\u00f3n de casi cinco d\u00e9cadas de amistad y colaboraci\u00f3n entre Francisco Toledo, Armando Colina y V\u00edctor Acu\u00f1a. \u201cFrancisco Toledo. Placas met\u00e1licas podr\u00e1 ser visitada en la Galer\u00eda chalet del CaSa que abre todos los d\u00edas en un horario de 10:00 a 18:00 horas.<\/p>\n","protected":false},"excerpt":{"rendered":"<p>Redacci\u00f3n\/Zona Roja. Oaxaca de Ju\u00e1rez, Oax., a 26 de agosto de 20204.- \u201cFrancisco Toledo. Placas&hellip;<\/p>\n","protected":false},"author":2,"featured_media":71776,"comment_status":"closed","ping_status":"open","sticky":false,"template":"","format":"standard","meta":{"_lmt_disableupdate":"","_lmt_disable":"","_jetpack_memberships_contains_paid_content":false,"footnotes":""},"categories":[109,46],"tags":[677],"class_list":["post-71775","post","type-post","status-publish","format-standard","has-post-thumbnail","hentry","category-minuto-a-minuto","category-zona-blanca","tag-francisco-toledo"],"jetpack_featured_media_url":"https:\/\/zonaroja.com.mx\/wp-content\/uploads\/2024\/08\/Toledo-placas-metalicas-CASA.jpg","jetpack_sharing_enabled":true,"_links":{"self":[{"href":"https:\/\/zonaroja.com.mx\/index.php?rest_route=\/wp\/v2\/posts\/71775","targetHints":{"allow":["GET"]}}],"collection":[{"href":"https:\/\/zonaroja.com.mx\/index.php?rest_route=\/wp\/v2\/posts"}],"about":[{"href":"https:\/\/zonaroja.com.mx\/index.php?rest_route=\/wp\/v2\/types\/post"}],"author":[{"embeddable":true,"href":"https:\/\/zonaroja.com.mx\/index.php?rest_route=\/wp\/v2\/users\/2"}],"replies":[{"embeddable":true,"href":"https:\/\/zonaroja.com.mx\/index.php?rest_route=%2Fwp%2Fv2%2Fcomments&post=71775"}],"version-history":[{"count":1,"href":"https:\/\/zonaroja.com.mx\/index.php?rest_route=\/wp\/v2\/posts\/71775\/revisions"}],"predecessor-version":[{"id":71777,"href":"https:\/\/zonaroja.com.mx\/index.php?rest_route=\/wp\/v2\/posts\/71775\/revisions\/71777"}],"wp:featuredmedia":[{"embeddable":true,"href":"https:\/\/zonaroja.com.mx\/index.php?rest_route=\/wp\/v2\/media\/71776"}],"wp:attachment":[{"href":"https:\/\/zonaroja.com.mx\/index.php?rest_route=%2Fwp%2Fv2%2Fmedia&parent=71775"}],"wp:term":[{"taxonomy":"category","embeddable":true,"href":"https:\/\/zonaroja.com.mx\/index.php?rest_route=%2Fwp%2Fv2%2Fcategories&post=71775"},{"taxonomy":"post_tag","embeddable":true,"href":"https:\/\/zonaroja.com.mx\/index.php?rest_route=%2Fwp%2Fv2%2Ftags&post=71775"}],"curies":[{"name":"wp","href":"https:\/\/api.w.org\/{rel}","templated":true}]}}