{"id":71778,"date":"2024-08-26T08:18:05","date_gmt":"2024-08-26T14:18:05","guid":{"rendered":"https:\/\/zonaroja.com.mx\/?p=71778"},"modified":"2024-08-26T08:18:07","modified_gmt":"2024-08-26T14:18:07","slug":"policia-de-xoxocotlan-detiene-a-sujetos-armados-recupera-vehiculo-robado","status":"publish","type":"post","link":"https:\/\/zonaroja.com.mx\/?p=71778","title":{"rendered":"Polic\u00eda de Xoxocotl\u00e1n detiene a sujetos armados; recupera veh\u00edculo robado"},"content":{"rendered":"\n<p>Redacci\u00f3n\/Zona Roja.<\/p>\n\n\n\n<p>Oaxaca de Ju\u00e1rez, Oax., 23 de agosto de 2024.- Luego de la alerta generada por vecinos de la colonia Santa Elena de Santa Cruz Xoxocotl\u00e1n, elementos de la Polic\u00eda Municipal realizaron la detenci\u00f3n de tres sujetos a quienes se les decomisaron armas de fuego.<\/p>\n\n\n\n<p>Los hechos se registraron la tarde del viernes, cuando a trav\u00e9s de la red vecinal de vigilancia que implement\u00f3 el gobierno que encabeza Inocente Castellanos, se recibi\u00f3 el llamado de auxilio en el Centro de Comando y Control (C2) de la Comisi\u00f3n de Seguridad P\u00fablica, Vialidad y Protecci\u00f3n Ciudadana de Xoxocotl\u00e1n, en el que vecinos de las colonias Tres de Mayo y Santa Elena de la Cruz reportaban detonaciones de arma de fuego.<\/p>\n\n\n\n<p>En recorrido coordinado con la Polic\u00eda Estatal, observaron la presencia de individuos sospechosos que, al ser inspeccionados, portaban armas de fuego hechizas, tipo rev\u00f3lver.<\/p>\n\n\n\n<p>Ante esta situaci\u00f3n, se procedi\u00f3 a la detenci\u00f3n de los tres hombres, identificados como V\u00edctor Manuel \u201cNN\u201d (18 a\u00f1os), \u00c1ngel \u201cNN\u201d (21 a\u00f1os) y Abraham \u201cNN\u201d (28 a\u00f1os).<\/p>\n\n\n\n<p>Los detenidos fueron puestos a disposici\u00f3n de la Fiscal\u00eda General de la Rep\u00fablica (FGR) para que se realicen las investigaciones correspondientes y se determine la acci\u00f3n legal a seguir.<\/p>\n\n\n\n<p>Este resultado es un reflejo del compromiso de la administraci\u00f3n del \u201cChente\u201d Castellanos en la lucha contra la delincuencia y el fomento a la seguridad del municipio.<\/p>\n\n\n\n<p>RECUPERAN VEH\u00cdCULOS<\/p>\n\n\n\n<p>En otro caso y tras el reporte de que se recibi\u00f3 a trav\u00e9s del Centro de Comando y Control (C2}, elementos de la Comisi\u00f3n de Seguridad P\u00fablica, Vialidad y Protecci\u00f3n Ciudadana de Santa Cruz Xoxocotl\u00e1n lograron el aseguramiento de un veh\u00edculo con reporte de robo.<\/p>\n\n\n\n<p>Lo anterior ocurri\u00f3 en la colonia Primera Ampliaci\u00f3n, donde al llegar la Polic\u00eda Vial constat\u00f3 que se trataba de una camioneta Nissan blanca, tipo estacas, con evidentes da\u00f1os en su interior.&nbsp;<\/p>\n\n\n\n<p>Poco despu\u00e9s, se present\u00f3 una persona que se identific\u00f3 como el propietario del veh\u00edculo, quien inform\u00f3 que la unidad fue robada durante la madrugada. El veh\u00edculo fue asegurado y puesto a disposici\u00f3n de la autoridad correspondiente.<\/p>\n","protected":false},"excerpt":{"rendered":"<p>Redacci\u00f3n\/Zona Roja. Oaxaca de Ju\u00e1rez, Oax., 23 de agosto de 2024.- Luego de la alerta&hellip;<\/p>\n","protected":false},"author":2,"featured_media":71779,"comment_status":"closed","ping_status":"open","sticky":false,"template":"","format":"standard","meta":{"_lmt_disableupdate":"","_lmt_disable":"","_jetpack_memberships_contains_paid_content":false,"footnotes":""},"categories":[109,46],"tags":[133],"class_list":["post-71778","post","type-post","status-publish","format-standard","has-post-thumbnail","hentry","category-minuto-a-minuto","category-zona-blanca","tag-santa-cruz-xoxocotlan"],"jetpack_featured_media_url":"https:\/\/zonaroja.com.mx\/wp-content\/uploads\/2024\/08\/Detenidos-armados-Xoxocotlan.jpg","jetpack_sharing_enabled":true,"_links":{"self":[{"href":"https:\/\/zonaroja.com.mx\/index.php?rest_route=\/wp\/v2\/posts\/71778","targetHints":{"allow":["GET"]}}],"collection":[{"href":"https:\/\/zonaroja.com.mx\/index.php?rest_route=\/wp\/v2\/posts"}],"about":[{"href":"https:\/\/zonaroja.com.mx\/index.php?rest_route=\/wp\/v2\/types\/post"}],"author":[{"embeddable":true,"href":"https:\/\/zonaroja.com.mx\/index.php?rest_route=\/wp\/v2\/users\/2"}],"replies":[{"embeddable":true,"href":"https:\/\/zonaroja.com.mx\/index.php?rest_route=%2Fwp%2Fv2%2Fcomments&post=71778"}],"version-history":[{"count":1,"href":"https:\/\/zonaroja.com.mx\/index.php?rest_route=\/wp\/v2\/posts\/71778\/revisions"}],"predecessor-version":[{"id":71780,"href":"https:\/\/zonaroja.com.mx\/index.php?rest_route=\/wp\/v2\/posts\/71778\/revisions\/71780"}],"wp:featuredmedia":[{"embeddable":true,"href":"https:\/\/zonaroja.com.mx\/index.php?rest_route=\/wp\/v2\/media\/71779"}],"wp:attachment":[{"href":"https:\/\/zonaroja.com.mx\/index.php?rest_route=%2Fwp%2Fv2%2Fmedia&parent=71778"}],"wp:term":[{"taxonomy":"category","embeddable":true,"href":"https:\/\/zonaroja.com.mx\/index.php?rest_route=%2Fwp%2Fv2%2Fcategories&post=71778"},{"taxonomy":"post_tag","embeddable":true,"href":"https:\/\/zonaroja.com.mx\/index.php?rest_route=%2Fwp%2Fv2%2Ftags&post=71778"}],"curies":[{"name":"wp","href":"https:\/\/api.w.org\/{rel}","templated":true}]}}