{"id":7178,"date":"2020-01-01T08:35:58","date_gmt":"2020-01-01T14:35:58","guid":{"rendered":"http:\/\/www.zonaroja.com.mx\/?p=7178"},"modified":"2020-01-01T08:36:04","modified_gmt":"2020-01-01T14:36:04","slug":"inicia-el-2020-en-oaxaca-con-una-mujer-muerta-a-balazos","status":"publish","type":"post","link":"https:\/\/zonaroja.com.mx\/?p=7178","title":{"rendered":"Inicia el 2020 en Oaxaca con una mujer muerta a balazos"},"content":{"rendered":"\n<p>Ismael Garc\u00eda M.\/Zona Roja.<\/p>\n\n\n\n<p>Oaxaca de Ju\u00e1rez, Oax., 1 de enero de\n2020.- Una persona muri\u00f3 en los primeros minutos de este 1 de enero en la\nregi\u00f3n del Istmo de Tehuantepec, Oaxaca, a causa de un disparo de arma de\nfuego.<\/p>\n\n\n\n<p>Los hechos sucedieron en un domicilio\nubicado en la calle Perif\u00e9rico de la colonia Ju\u00e1rez del municipio de Salina\nCruz.<\/p>\n\n\n\n<p>Ah\u00ed param\u00e9dicos y corporaciones de\nseguridad p\u00fablica efectuaron el levantamiento de una femenina, identificada de manera\npreliminar como Gabriela Zavaleta Ferm\u00edn, de 30 a\u00f1os de edad<\/p>\n\n\n\n<p>Presenta un disparo de arma de fuego\ncerca de la sien y la Vicefiscal\u00eda Regional del Istmo investiga si se trat\u00f3 de\nun asesinato o resultado de una bala perdida.<\/p>\n\n\n\n<p>Por otra parte, San Juan Bautista\nTuxtepec inici\u00f3 tambi\u00e9n con hechos violentos y durante los primeros minutos de\neste mi\u00e9rcoles se suscit\u00f3 un ataque armado, en la calle Mar\u00eda Lombardo de la\ncolonia 5 de Mayo.<\/p>\n\n\n\n<p>El individuo recibi\u00f3 al menos tres\nimpactos de arma de fuego, por lo cual fue trasladado grave a un hospital.<\/p>\n\n\n\n<p>En tanto, la tarde de ayer se suscit\u00f3 un\naccidente vehicular en el tramo carretero local Ciudad Ixtepec-Gueve de\nHumboldt, cuando un coche se sali\u00f3 de la cinta asf\u00e1ltica y cay\u00f3 a una\nhondonada, lo que dej\u00f3 como saldo dos personas fallecidas, identificadas como F\u00e9lix\ny Oliverio Barrera, originarios de Ixtepec.<\/p>\n","protected":false},"excerpt":{"rendered":"<p>Ismael Garc\u00eda M.\/Zona Roja. Oaxaca de Ju\u00e1rez, Oax., 1 de enero de 2020.- Una persona&hellip;<\/p>\n","protected":false},"author":2,"featured_media":7179,"comment_status":"closed","ping_status":"open","sticky":false,"template":"","format":"standard","meta":{"_lmt_disableupdate":"","_lmt_disable":"","_jetpack_memberships_contains_paid_content":false,"footnotes":""},"categories":[109,51],"tags":[168],"class_list":["post-7178","post","type-post","status-publish","format-standard","has-post-thumbnail","hentry","category-minuto-a-minuto","category-zona-roja","tag-salina-cruz"],"jetpack_featured_media_url":"https:\/\/zonaroja.com.mx\/wp-content\/uploads\/2020\/01\/Ejecutado-x.jpg","jetpack_sharing_enabled":true,"_links":{"self":[{"href":"https:\/\/zonaroja.com.mx\/index.php?rest_route=\/wp\/v2\/posts\/7178","targetHints":{"allow":["GET"]}}],"collection":[{"href":"https:\/\/zonaroja.com.mx\/index.php?rest_route=\/wp\/v2\/posts"}],"about":[{"href":"https:\/\/zonaroja.com.mx\/index.php?rest_route=\/wp\/v2\/types\/post"}],"author":[{"embeddable":true,"href":"https:\/\/zonaroja.com.mx\/index.php?rest_route=\/wp\/v2\/users\/2"}],"replies":[{"embeddable":true,"href":"https:\/\/zonaroja.com.mx\/index.php?rest_route=%2Fwp%2Fv2%2Fcomments&post=7178"}],"version-history":[{"count":1,"href":"https:\/\/zonaroja.com.mx\/index.php?rest_route=\/wp\/v2\/posts\/7178\/revisions"}],"predecessor-version":[{"id":7180,"href":"https:\/\/zonaroja.com.mx\/index.php?rest_route=\/wp\/v2\/posts\/7178\/revisions\/7180"}],"wp:featuredmedia":[{"embeddable":true,"href":"https:\/\/zonaroja.com.mx\/index.php?rest_route=\/wp\/v2\/media\/7179"}],"wp:attachment":[{"href":"https:\/\/zonaroja.com.mx\/index.php?rest_route=%2Fwp%2Fv2%2Fmedia&parent=7178"}],"wp:term":[{"taxonomy":"category","embeddable":true,"href":"https:\/\/zonaroja.com.mx\/index.php?rest_route=%2Fwp%2Fv2%2Fcategories&post=7178"},{"taxonomy":"post_tag","embeddable":true,"href":"https:\/\/zonaroja.com.mx\/index.php?rest_route=%2Fwp%2Fv2%2Ftags&post=7178"}],"curies":[{"name":"wp","href":"https:\/\/api.w.org\/{rel}","templated":true}]}}