{"id":71788,"date":"2024-08-26T12:32:00","date_gmt":"2024-08-26T18:32:00","guid":{"rendered":"https:\/\/zonaroja.com.mx\/?p=71788"},"modified":"2024-08-26T08:34:16","modified_gmt":"2024-08-26T14:34:16","slug":"la-mitad-de-los-pobres-se-concentran-en-173-municipios-oaxaca-entre-ellos","status":"publish","type":"post","link":"https:\/\/zonaroja.com.mx\/?p=71788","title":{"rendered":"La mitad de los pobres se concentran en 173 municipios, Oaxaca entre ellos"},"content":{"rendered":"\n<p>Redacci\u00f3n\/Zona Roja Cdmx.<\/p>\n\n\n\n<p>Ciudad de M\u00e9xico, a 26 de agosto de 2024.- En nueve de cada 10 municipios ind\u00edgenas, m\u00e1s de 60 por ciento de la poblaci\u00f3n se encuentra en situaci\u00f3n de pobreza, de acuerdo con el Consejo Nacional de Evaluaci\u00f3n de la Pol\u00edtica de Desarrollo Social (Coneval).<\/p>\n\n\n\n<p>En Oaxaca, Chiapas y Guerrero se encuentran los municipios con mayor porcentaje de poblaci\u00f3n en situaci\u00f3n de pobreza y se concentra en zonas que hist\u00f3ricamente han registrado graves rezagos, como la del Nayar, la regi\u00f3n Tarahumara, los Altos de Chiapas y la Mixteca.<\/p>\n\n\n\n<p>La mitad de la poblaci\u00f3n en situaci\u00f3n de pobreza se concentr\u00f3 en 173 municipios en 2020, un nivel que es menor en comparaci\u00f3n con 2010, cuando se ubicaba en 199, seg\u00fan los datos disponibles m\u00e1s recientes del Coneval.<\/p>\n\n\n\n<p>Alejandro Avil\u00e9s G\u00f3mez, presidente del Colegio de Abogados Laboralistas de la Ciudad de M\u00e9xico, coment\u00f3 que los programas sociales y la infraestructura llevada a cabo este sexenio no ha significado una mayor creaci\u00f3n de empleo en las entidades porque las empresas que realizan las obras lo hacen con personal de otros estados.<\/p>\n\n\n\n<p>\u201cLo que realmente erradica un poco la pobreza es la creaci\u00f3n de empleos permanentes. Desafortunadamente, las empresas no ven muy atractivo instalarse en lugares del sureste por todo lo que implica el traslado de mercanc\u00edas, principalmente las que tienen que ver con la importaci\u00f3n\u201d, mencion\u00f3 en entrevista.&nbsp;<\/p>\n\n\n\n<p>La relocalizaci\u00f3n de empresas es un fen\u00f3meno que ha beneficiado al centro y norte del pa\u00eds, ya que implica mayor facilidad y reducci\u00f3n de costos para exportar a Estados Unidos, en cambio, el sureste no ha sido atractivo para los inversionistas, expuso el analista.<\/p>\n\n\n\n<p>\u201cMientras no haya un incentivo para que las empresas se instalen en Guerrero, Oaxaca y Chiapas va a continuar esa lentitud en dejar atr\u00e1s la pobreza.<\/p>\n\n\n\n<p>\u201cEl sureste es atractivo, pero las empresas buscan lo m\u00e1s f\u00e1cil: estar m\u00e1s cerca de EU. Si est\u00e1n lejos, implica el riesgo de las carreteras y tomar seguros m\u00e1s altos para evitar contingencias.<\/p>\n\n\n\n<p>Incentivos&nbsp;<\/p>\n\n\n\n<p>\u201cAhora que el gobierno tiene como uno de sus ejes la creaci\u00f3n de m\u00e1s v\u00edas ferroviarias, espero que sean no solo para pasajeros, si no para el traslado de mercanc\u00edas y que las empresas tengan la certeza de que se pueden constituir a lo largo y ancho del pa\u00eds sin complicaciones.\u201d<\/p>\n\n\n\n<p>(Informaci\u00f3n de \u201cLa Jornada\u201d)<\/p>\n","protected":false},"excerpt":{"rendered":"<p>Redacci\u00f3n\/Zona Roja Cdmx. Ciudad de M\u00e9xico, a 26 de agosto de 2024.- En nueve de&hellip;<\/p>\n","protected":false},"author":2,"featured_media":65743,"comment_status":"closed","ping_status":"open","sticky":false,"template":"","format":"standard","meta":{"_lmt_disableupdate":"","_lmt_disable":"","_jetpack_memberships_contains_paid_content":false,"footnotes":""},"categories":[109,47],"tags":[],"class_list":["post-71788","post","type-post","status-publish","format-standard","has-post-thumbnail","hentry","category-minuto-a-minuto","category-zona-gris"],"jetpack_featured_media_url":"https:\/\/zonaroja.com.mx\/wp-content\/uploads\/2024\/02\/Pobreza-marginacion-justicia.jpg","jetpack_sharing_enabled":true,"_links":{"self":[{"href":"https:\/\/zonaroja.com.mx\/index.php?rest_route=\/wp\/v2\/posts\/71788","targetHints":{"allow":["GET"]}}],"collection":[{"href":"https:\/\/zonaroja.com.mx\/index.php?rest_route=\/wp\/v2\/posts"}],"about":[{"href":"https:\/\/zonaroja.com.mx\/index.php?rest_route=\/wp\/v2\/types\/post"}],"author":[{"embeddable":true,"href":"https:\/\/zonaroja.com.mx\/index.php?rest_route=\/wp\/v2\/users\/2"}],"replies":[{"embeddable":true,"href":"https:\/\/zonaroja.com.mx\/index.php?rest_route=%2Fwp%2Fv2%2Fcomments&post=71788"}],"version-history":[{"count":1,"href":"https:\/\/zonaroja.com.mx\/index.php?rest_route=\/wp\/v2\/posts\/71788\/revisions"}],"predecessor-version":[{"id":71789,"href":"https:\/\/zonaroja.com.mx\/index.php?rest_route=\/wp\/v2\/posts\/71788\/revisions\/71789"}],"wp:featuredmedia":[{"embeddable":true,"href":"https:\/\/zonaroja.com.mx\/index.php?rest_route=\/wp\/v2\/media\/65743"}],"wp:attachment":[{"href":"https:\/\/zonaroja.com.mx\/index.php?rest_route=%2Fwp%2Fv2%2Fmedia&parent=71788"}],"wp:term":[{"taxonomy":"category","embeddable":true,"href":"https:\/\/zonaroja.com.mx\/index.php?rest_route=%2Fwp%2Fv2%2Fcategories&post=71788"},{"taxonomy":"post_tag","embeddable":true,"href":"https:\/\/zonaroja.com.mx\/index.php?rest_route=%2Fwp%2Fv2%2Ftags&post=71788"}],"curies":[{"name":"wp","href":"https:\/\/api.w.org\/{rel}","templated":true}]}}