{"id":71796,"date":"2024-08-26T18:26:43","date_gmt":"2024-08-27T00:26:43","guid":{"rendered":"https:\/\/zonaroja.com.mx\/?p=71796"},"modified":"2024-08-26T18:26:45","modified_gmt":"2024-08-27T00:26:45","slug":"para-policias-municipales-en-tehuantepec-y-se-desata-la-violencia","status":"publish","type":"post","link":"https:\/\/zonaroja.com.mx\/?p=71796","title":{"rendered":"Para polic\u00edas municipales en Tehuantepec\u2026 y se desata la violencia"},"content":{"rendered":"\n<p>Raymundo Morales\/Zona Roja.<\/p>\n\n\n\n<p>Oaxaca de Ju\u00e1rez, Oax., a 26 de agosto de 2024.- Una protesta de polic\u00edas municipales, por la detenci\u00f3n de tres de sus compa\u00f1eros, intensific\u00f3 los hechos delictivos en Santo Domingo Tehuantepec, con un asalto bancario violento y un ataque armado a un mototaxista.<\/p>\n\n\n\n<p>Desde la ma\u00f1ana de este lunes, los uniformados bloquearon la carretera federal Internacional, a la altura del cuartel municipal, para exigir a la presidenta municipal morenista, Vilma Mart\u00ednez Cort\u00e9s, su intervenci\u00f3n a fin de liberar a tres polic\u00edas retenidos desde anoche en la localidad de Rinc\u00f3n Moreno.<\/p>\n\n\n\n<p>Sin embargo, mientras efectuaban su protesta, los delincuentes aprovecharon la nula presencia de vigilancia y a unos pasos del palacio municipal, asaltaron a un cuentahabienta en la sucursal bancaria BBVA Bancomer.<\/p>\n\n\n\n<p>No obstante, la v\u00edctima reci\u00e9n hab\u00eda depositado el dinero en la sucursal bancaria en el centro de Tehuantepec, por lo cual los ladrones huyeron sin que nadie los persiguiera.<\/p>\n\n\n\n<p>Poco m\u00e1s tarde, presuntos delincuentes atacaron a balazos a un mototaxistas, por un supuesto incidente vial; el hombre de 26 a\u00f1os de edad, logr\u00f3 llegar a su domicilio en la colonia Benito Ju\u00e1rez para ser trasladado a una cl\u00ednica.<\/p>\n\n\n\n<p>Presenta al menos dos impactos de arma de fuego en las piernas, que no ponen en riesgo su vida.<\/p>\n\n\n\n<p>Hasta el momento no hay ninguna acci\u00f3n por parte de la presidenta municipal Vilma Mart\u00ednez, con la finalidad de frenar los delitos en dicha municipal de la regi\u00f3n del Istmo.<\/p>\n","protected":false},"excerpt":{"rendered":"<p>Raymundo Morales\/Zona Roja. Oaxaca de Ju\u00e1rez, Oax., a 26 de agosto de 2024.- Una protesta&hellip;<\/p>\n","protected":false},"author":2,"featured_media":71797,"comment_status":"closed","ping_status":"open","sticky":false,"template":"","format":"standard","meta":{"_lmt_disableupdate":"","_lmt_disable":"","_jetpack_memberships_contains_paid_content":false,"footnotes":""},"categories":[109,47],"tags":[503],"class_list":["post-71796","post","type-post","status-publish","format-standard","has-post-thumbnail","hentry","category-minuto-a-minuto","category-zona-gris","tag-asaltos-istmo-de-tehuantepec"],"jetpack_featured_media_url":"https:\/\/zonaroja.com.mx\/wp-content\/uploads\/2024\/08\/Protesta-de-policias-Tehuantepec.jpeg","jetpack_sharing_enabled":true,"_links":{"self":[{"href":"https:\/\/zonaroja.com.mx\/index.php?rest_route=\/wp\/v2\/posts\/71796","targetHints":{"allow":["GET"]}}],"collection":[{"href":"https:\/\/zonaroja.com.mx\/index.php?rest_route=\/wp\/v2\/posts"}],"about":[{"href":"https:\/\/zonaroja.com.mx\/index.php?rest_route=\/wp\/v2\/types\/post"}],"author":[{"embeddable":true,"href":"https:\/\/zonaroja.com.mx\/index.php?rest_route=\/wp\/v2\/users\/2"}],"replies":[{"embeddable":true,"href":"https:\/\/zonaroja.com.mx\/index.php?rest_route=%2Fwp%2Fv2%2Fcomments&post=71796"}],"version-history":[{"count":1,"href":"https:\/\/zonaroja.com.mx\/index.php?rest_route=\/wp\/v2\/posts\/71796\/revisions"}],"predecessor-version":[{"id":71798,"href":"https:\/\/zonaroja.com.mx\/index.php?rest_route=\/wp\/v2\/posts\/71796\/revisions\/71798"}],"wp:featuredmedia":[{"embeddable":true,"href":"https:\/\/zonaroja.com.mx\/index.php?rest_route=\/wp\/v2\/media\/71797"}],"wp:attachment":[{"href":"https:\/\/zonaroja.com.mx\/index.php?rest_route=%2Fwp%2Fv2%2Fmedia&parent=71796"}],"wp:term":[{"taxonomy":"category","embeddable":true,"href":"https:\/\/zonaroja.com.mx\/index.php?rest_route=%2Fwp%2Fv2%2Fcategories&post=71796"},{"taxonomy":"post_tag","embeddable":true,"href":"https:\/\/zonaroja.com.mx\/index.php?rest_route=%2Fwp%2Fv2%2Ftags&post=71796"}],"curies":[{"name":"wp","href":"https:\/\/api.w.org\/{rel}","templated":true}]}}