{"id":71799,"date":"2024-08-26T20:28:16","date_gmt":"2024-08-27T02:28:16","guid":{"rendered":"https:\/\/zonaroja.com.mx\/?p=71799"},"modified":"2024-08-26T20:35:57","modified_gmt":"2024-08-27T02:35:57","slug":"inicia-caotico-ciclo-escolar-en-oaxaca-con-diversas-protestas","status":"publish","type":"post","link":"https:\/\/zonaroja.com.mx\/?p=71799","title":{"rendered":"Inicia ca\u00f3tico ciclo escolar en Oaxaca con diversas protestas\u00a0"},"content":{"rendered":"\n<p>Ismael Garc\u00eda M.\/Zona Roja.<\/p>\n\n\n\n<p>Oaxaca de Ju\u00e1rez, Oax., a 26 de agosto de 2024.- Por irresponsabilidades del Instituto Estatal de Educaci\u00f3n P\u00fablica de Oaxaca (IEEPO), el ciclo escolar inici\u00f3 en la entidad con una serie de protestas; en tanto, en 35 planteles no hubo clases.<\/p>\n\n\n\n<p>Desde las siete de la ma\u00f1ana y hasta la tarde de hoy, padres de familia con hijos en la escuela primara \u201cAbraham Castellanos\u201d bloquearon la calle Reforma, entre Abasolo y Murgu\u00eda, Centro Hist\u00f3rico de la ciudad de Oaxaca.<\/p>\n\n\n\n<p>Lo anterior para protestar en contra de presuntas anomal\u00edas en obras y desv\u00edo de recursos por parte del comit\u00e9 de tutores, lo que caus\u00f3 la inactividad educativa.<\/p>\n\n\n\n<p>De acuerdo con los inconformes, el probable desfalco es por m\u00e1s de medio mill\u00f3n de pesos, por parte un grupo encabezado por la tesorera Obdulia Flores, que ha argumentado que le \u201chackearon\u201d la cuenta bancaria y el dinero desapareci\u00f3; por la tarde retiraron la manifestaci\u00f3n pero la reanudar\u00e1n ma\u00f1ana a primera hora.<\/p>\n\n\n\n<p>EN REYES<\/p>\n\n\n\n<p>Tambi\u00e9n a primera hora, un grupo de padres de familia del municipio de Reyes, se dirig\u00eda en caravana hacia la capital oaxaque\u00f1a pero a la altura de la Villa de Etla fue interceptado por elementos de la Polic\u00eda Vial, que les impidieron continuar.<\/p>\n\n\n\n<p>Por lo cual se manifestaron con bloqueos intermitentes en la v\u00eda federal 190, a la altura de este \u00faltimo municipio, en demanda de soluci\u00f3n a una a\u00f1eja problem\u00e1tica con la escuela primaria \u201cResurgimiento\u201d, que funciona con docentes de la Secci\u00f3n 59 del SNTE pero que afiliados a la Secci\u00f3n 22 pretenden recuperar, con apoyo del IEEPO y de la autoridad municipal de Reyes.<\/p>\n\n\n\n<p>El viernes pasado volvieron a apoderarse del palacio municipal mientras que el s\u00e1bado efectuaron una protesta en el z\u00f3calo de la capital del estado.<\/p>\n\n\n\n<p>EN LA CAPITAL<\/p>\n\n\n\n<p>En el Centro Hist\u00f3rico de la ciudad de Oaxaca, docentes afiliados a la Secci\u00f3n 22, del nivel de Educaci\u00f3n Inicial, cerraron tres cruces viales de la calle Armenta y L\u00f3pez, adem\u00e1s de \u201ctomar\u201d un autob\u00fas de pasajeros Citybus.<\/p>\n\n\n\n<p>Ello para exigir al titular del IEEPO, Emilio Montero P\u00e9rez, la asignaci\u00f3n de al menos 24 docentes para Centros de Desarrollo Infantil del estado; despu\u00e9s de las 15:00 horas y tras el caos vial, retiraron su manifestaci\u00f3n, luego de una mesa de di\u00e1logo.<\/p>\n\n\n\n<p>EN JUCHIT\u00c1N<\/p>\n\n\n\n<p>En el exterior del preescolar \u201cLa Educadora\u201d, en el fraccionamiento IVO de Juchit\u00e1n de Zaragoza, se suscit\u00f3 un conflicto laboral entre docentes origin\u00f3 el cierre del plantel, aunque en el interior hab\u00eda ni\u00f1os.<\/p>\n\n\n\n<p>De acuerdo con los padres de familia la maestra Cecilia ha sido hostigada por la directora, que opt\u00f3 por cambiar candado en el acceso principal, con la finalidad de no permitir el acceso a la docente; \u00e9sta tiene el respaldo de los tutores.<\/p>\n","protected":false},"excerpt":{"rendered":"<p>Ismael Garc\u00eda M.\/Zona Roja. Oaxaca de Ju\u00e1rez, Oax., a 26 de agosto de 2024.- Por&hellip;<\/p>\n","protected":false},"author":2,"featured_media":71800,"comment_status":"closed","ping_status":"open","sticky":false,"template":"","format":"standard","meta":{"_lmt_disableupdate":"","_lmt_disable":"","_jetpack_memberships_contains_paid_content":false,"footnotes":""},"categories":[109,47],"tags":[1975],"class_list":["post-71799","post","type-post","status-publish","format-standard","has-post-thumbnail","hentry","category-minuto-a-minuto","category-zona-gris","tag-bloqueos-carreteros-oaxaca"],"jetpack_featured_media_url":"https:\/\/zonaroja.com.mx\/wp-content\/uploads\/2024\/08\/Protestas-educativas-Oaxaca.jpg","jetpack_sharing_enabled":true,"_links":{"self":[{"href":"https:\/\/zonaroja.com.mx\/index.php?rest_route=\/wp\/v2\/posts\/71799","targetHints":{"allow":["GET"]}}],"collection":[{"href":"https:\/\/zonaroja.com.mx\/index.php?rest_route=\/wp\/v2\/posts"}],"about":[{"href":"https:\/\/zonaroja.com.mx\/index.php?rest_route=\/wp\/v2\/types\/post"}],"author":[{"embeddable":true,"href":"https:\/\/zonaroja.com.mx\/index.php?rest_route=\/wp\/v2\/users\/2"}],"replies":[{"embeddable":true,"href":"https:\/\/zonaroja.com.mx\/index.php?rest_route=%2Fwp%2Fv2%2Fcomments&post=71799"}],"version-history":[{"count":2,"href":"https:\/\/zonaroja.com.mx\/index.php?rest_route=\/wp\/v2\/posts\/71799\/revisions"}],"predecessor-version":[{"id":71802,"href":"https:\/\/zonaroja.com.mx\/index.php?rest_route=\/wp\/v2\/posts\/71799\/revisions\/71802"}],"wp:featuredmedia":[{"embeddable":true,"href":"https:\/\/zonaroja.com.mx\/index.php?rest_route=\/wp\/v2\/media\/71800"}],"wp:attachment":[{"href":"https:\/\/zonaroja.com.mx\/index.php?rest_route=%2Fwp%2Fv2%2Fmedia&parent=71799"}],"wp:term":[{"taxonomy":"category","embeddable":true,"href":"https:\/\/zonaroja.com.mx\/index.php?rest_route=%2Fwp%2Fv2%2Fcategories&post=71799"},{"taxonomy":"post_tag","embeddable":true,"href":"https:\/\/zonaroja.com.mx\/index.php?rest_route=%2Fwp%2Fv2%2Ftags&post=71799"}],"curies":[{"name":"wp","href":"https:\/\/api.w.org\/{rel}","templated":true}]}}