{"id":7181,"date":"2020-01-01T10:43:32","date_gmt":"2020-01-01T16:43:32","guid":{"rendered":"http:\/\/www.zonaroja.com.mx\/?p=7181"},"modified":"2020-01-01T16:40:11","modified_gmt":"2020-01-01T22:40:11","slug":"ex-dirigente-de-la-s-22-exige-justicia-a-7-meses-del-asesinato-de-su-hijo","status":"publish","type":"post","link":"https:\/\/zonaroja.com.mx\/?p=7181","title":{"rendered":"Ex dirigente de la S-22 exige justicia a 7 meses del asesinato de su hijo"},"content":{"rendered":"\n<p>Evlin Arag\u00f3n\/Zona Roja.<\/p>\n\n\n\n<p>Oaxaca de Ju\u00e1rez, Oax., 1 de enero de\n2020.- Siete meses han pasado desde que el cuerpo del m\u00e9dico\notorrinolaring\u00f3logo Miguel \u00c1ngel Mart\u00ednez Cruz, reportado previamente como\ndesaparecido, fuera encontrado sin vida la regi\u00f3n del Istmo de Tehuantepec, sin\nque exista justicia para su familia.<\/p>\n\n\n\n<p>As\u00ed lo declar\u00f3 el primer secretario\ngeneral electo democr\u00e1ticamente de la Secci\u00f3n 22 del Sindicato Nacional de\nTrabajadores de la Educaci\u00f3n (SNTE), Pedro Ignacio Mart\u00ednez Noriega, y su\nesposa Alma Minerva Cruz Boh\u00f3rquez, quienes emitieron un breve comunicado al\nrespecto, en donde reprocharon el paso del tiempo sin obtener respuesta de las\nautoridades estatales.<\/p>\n\n\n\n<p>\u201cSe cumplen hoy siete meses del cobarde\nasesinato de nuestro hijo el doctor Miguel \u00c1ngel Mart\u00ednez Cruz. Hasta hoy las\ndiferentes instancias de la Fiscal\u00eda General del Estado de Oaxaca est\u00e1n en\nperiodo de investigaci\u00f3n, para llevar a juicio a los responsables de este\nasesinato\u201d, refiere el documento firmado por el padre y madre del m\u00e9dico.<\/p>\n\n\n\n<p>Aunque aseguraron que entienden que los procedimientos suelen ser tardados para llegar a los procesos acusatorios, exigieron que no se deje de lado su exigencia de esclarecimiento del asesinato y castigo a los responsables, ya que aunque existe confianza en las autoridades, estas no pueden ni deben prologar por tiempo indefinido la primera etapa del procedimiento.<\/p>\n\n\n\n<figure class=\"wp-block-image\"><img decoding=\"async\" width=\"644\" height=\"711\" src=\"http:\/\/www.zonaroja.com.mx\/wp-content\/uploads\/2020\/01\/M\u00e9dico-Salina-Cruz-2.jpg\" alt=\"\" class=\"wp-image-7183\" srcset=\"https:\/\/zonaroja.com.mx\/wp-content\/uploads\/2020\/01\/M\u00e9dico-Salina-Cruz-2.jpg 644w, https:\/\/zonaroja.com.mx\/wp-content\/uploads\/2020\/01\/M\u00e9dico-Salina-Cruz-2-272x300.jpg 272w, https:\/\/zonaroja.com.mx\/wp-content\/uploads\/2020\/01\/M\u00e9dico-Salina-Cruz-2-585x646.jpg 585w\" sizes=\"(max-width: 644px) 100vw, 644px\" \/><\/figure>\n\n\n\n<p>\u201cLa confianza no puede ser indefinida,\nno existe plazo perentorio para la primera etapa, pero no se puede prologar por\ntiempo indefinido, la confianza se puede transformar en escepticismo\u201d,\nrefieren.<\/p>\n\n\n\n<p>En este sentido Pedro Mart\u00ednez Noriega y\nAlma Cruz Boh\u00f3rquez, pidieron a las autoridades en Salina Cruz, donde el m\u00e9dico\nten\u00eda su residencia, trabajo y convivencia social, que agilicen los\nprocedimientos para lo cual incluso se comprometieron a seguir colaborando para\nel total esclarecimiento del asesinato y de los agravios posteriores que se han\ndado, los cuales han sido denunciados en tiempo y forma.&nbsp; <\/p>\n\n\n\n<p>Recordaron que Miguel \u00c1ngel, a sus 43\na\u00f1os de edad, estaba en su madurez personal y profesional, su vida estaba\nentregada a su familia y al ejercicio profesional de la medicina en el Hospital\nGeneral con Especialidades de la Secretaria de Salud, el Hospital General de la\nZona No. 2 del IMSS y la Cl\u00ednica de Especialidades M\u00e9dicas \u201cSanta Cruz\u201d, todos\nubicados en el municipio de Salina Cruz.<\/p>\n\n\n\n<p>El cuerpo del joven m\u00e9dico fue\nlocalizado a principios del mes de junio y presentaba varios disparos de\nproyectil y huellas de quemaduras, mismo que se encontraba junto con el\nveh\u00edculo de su propiedad totalmente incinerado en inmediaciones de la localidad\nde Guelaguichi, perteneciente al municipio de Santo Domingo Tehuantepec.<\/p>\n","protected":false},"excerpt":{"rendered":"<p>Evlin Arag\u00f3n\/Zona Roja. Oaxaca de Ju\u00e1rez, Oax., 1 de enero de 2020.- Siete meses han&hellip;<\/p>\n","protected":false},"author":2,"featured_media":7182,"comment_status":"closed","ping_status":"open","sticky":false,"template":"","format":"standard","meta":{"_lmt_disableupdate":"","_lmt_disable":"","_jetpack_memberships_contains_paid_content":false,"footnotes":""},"categories":[109,47],"tags":[168],"class_list":["post-7181","post","type-post","status-publish","format-standard","has-post-thumbnail","hentry","category-minuto-a-minuto","category-zona-gris","tag-salina-cruz"],"jetpack_featured_media_url":"https:\/\/zonaroja.com.mx\/wp-content\/uploads\/2020\/01\/M\u00e9dico-Salina-Cruz-1.jpg","jetpack_sharing_enabled":true,"_links":{"self":[{"href":"https:\/\/zonaroja.com.mx\/index.php?rest_route=\/wp\/v2\/posts\/7181","targetHints":{"allow":["GET"]}}],"collection":[{"href":"https:\/\/zonaroja.com.mx\/index.php?rest_route=\/wp\/v2\/posts"}],"about":[{"href":"https:\/\/zonaroja.com.mx\/index.php?rest_route=\/wp\/v2\/types\/post"}],"author":[{"embeddable":true,"href":"https:\/\/zonaroja.com.mx\/index.php?rest_route=\/wp\/v2\/users\/2"}],"replies":[{"embeddable":true,"href":"https:\/\/zonaroja.com.mx\/index.php?rest_route=%2Fwp%2Fv2%2Fcomments&post=7181"}],"version-history":[{"count":1,"href":"https:\/\/zonaroja.com.mx\/index.php?rest_route=\/wp\/v2\/posts\/7181\/revisions"}],"predecessor-version":[{"id":7184,"href":"https:\/\/zonaroja.com.mx\/index.php?rest_route=\/wp\/v2\/posts\/7181\/revisions\/7184"}],"wp:featuredmedia":[{"embeddable":true,"href":"https:\/\/zonaroja.com.mx\/index.php?rest_route=\/wp\/v2\/media\/7182"}],"wp:attachment":[{"href":"https:\/\/zonaroja.com.mx\/index.php?rest_route=%2Fwp%2Fv2%2Fmedia&parent=7181"}],"wp:term":[{"taxonomy":"category","embeddable":true,"href":"https:\/\/zonaroja.com.mx\/index.php?rest_route=%2Fwp%2Fv2%2Fcategories&post=7181"},{"taxonomy":"post_tag","embeddable":true,"href":"https:\/\/zonaroja.com.mx\/index.php?rest_route=%2Fwp%2Fv2%2Ftags&post=7181"}],"curies":[{"name":"wp","href":"https:\/\/api.w.org\/{rel}","templated":true}]}}