{"id":71812,"date":"2024-08-27T09:20:00","date_gmt":"2024-08-27T15:20:00","guid":{"rendered":"https:\/\/zonaroja.com.mx\/?p=71812"},"modified":"2024-08-27T07:07:29","modified_gmt":"2024-08-27T13:07:29","slug":"en-oaxaca-sacerdote-deja-la-sotana-y-se-casa-con-hondurena","status":"publish","type":"post","link":"https:\/\/zonaroja.com.mx\/?p=71812","title":{"rendered":"En Oaxaca, sacerdote deja la sotana y se casa con hondure\u00f1a"},"content":{"rendered":"\n<p>Martha Izquierdo\/BLN Radio<\/p>\n\n\n\n<p>Oaxaca de Ju\u00e1rez, Oax., a 27 de agosto de 2024.- La sotana perdi\u00f3 la batalla ante el amor este lunes en Oaxaca, despu\u00e9s de que el sacerdote Armando Barr\u00f3n Peralta le dio el s\u00ed en el altar a Venildia Abigail L\u00f3pez Gonz\u00e1lez, migrante hondure\u00f1a con la que tiene una relaci\u00f3n de 10 meses.&nbsp;<\/p>\n\n\n\n<p>Con esto, el p\u00e1rroco no solo se convierte en reci\u00e9n casado, sino que adem\u00e1s dejar\u00e1 los h\u00e1bitos y se dedicar\u00e1 a vivir con su pareja.&nbsp;<\/p>\n\n\n\n<p>El padre Jos\u00e9 Alejandro Solalinde Guerra no solamente vio con buenos ojos el retiro de su colega en nombre del romance, sino que adem\u00e1s firm\u00f3 el acta de matrimonio como testigo de esta uni\u00f3n que fue sellada gracias a la oficial del registro Elizabeth Gurrion Mat\u00edas, quien determin\u00f3 que se cumplieron todos los requisitos legales.&nbsp;<\/p>\n\n\n\n<p>Abigail tiene 47 a\u00f1os de edad y como muchos de los migrantes que dejan su natal Honduras, lleg\u00f3 a suelo mexicano con la intenci\u00f3n de buscar llegar hasta Estados Unidos en busca del \u00absue\u00f1o americano\u00bb.&nbsp;<\/p>\n\n\n\n<p>El camino la llev\u00f3 hasta al albergue de migrantes \u201cHermanos en el Camino\u201d, que dirige Solalinde y el cual se encuentra en Ciudad Ixtepec. Adem\u00e1s de encontrarse con un lugar donde pernoctar de manera segura, la mujer se encontr\u00f3 con la amistad de Armando.&nbsp;<\/p>\n\n\n\n<p>El hombre de 67 a\u00f1os de edad se convirti\u00f3 en su amigo. Las charlas entre ellos, los encuentros fortuitos y la convivencia amena dur\u00f3 dos meses hasta que todo dio un salto.&nbsp;<\/p>\n\n\n\n<p>Fue en octubre de 2023 cuando el sacerdote tom\u00f3 la decisi\u00f3n que se convirti\u00f3 en el parteaguas de su vida y le pidi\u00f3 a Abigail que se convirtiera en su novia. El elefante blanco en la habitaci\u00f3n fue testigo de qu\u00e9 har\u00eda \u00e9l con su cargo, a lo cual ambos llegaron a la decisi\u00f3n de que colgar\u00eda la sotana.&nbsp;<\/p>\n\n\n\n<p>Fue entonces que comenz\u00f3 el proceso para dejar los h\u00e1bitos. Este tr\u00e1mite pod\u00eda llevar varios a\u00f1os en el pasado, pero una reforma que el Papa Benedicto XVI realiz\u00f3 al C\u00f3digo del Derecho Can\u00f3nico permite actualmente a los padres el dejar este puesto tras una autorizaci\u00f3n de su superior. En el pasado deb\u00eda haber una aprobaci\u00f3n de diversas entidades hasta llegar al Sumo Pont\u00edfice.&nbsp;<\/p>\n\n\n\n<p>El compromiso de Abigail y Armando no qued\u00f3 \u00fanicamente en el noviazgo. Para demostrarse a s\u00ed mismos que iban en serio, decidieron iniciar el proceso para casarse formalmente.&nbsp;<\/p>\n\n\n\n<p>Despu\u00e9s de las preguntas, vencer el miedo al qu\u00e9 dir\u00e1n y pasar por una decisi\u00f3n determinante en la vida de los dos, se casaron este lunes a las 12:00 horas en la entidad que vio florecer su romance.&nbsp;<\/p>\n\n\n\n<p>La juez del Registro Civil los exhort\u00f3 a caminar con cari\u00f1o en esta sociedad, a darse ayuda mutua y sobre todo a sobrellevar cualquier situaci\u00f3n que pudiera afectar su uni\u00f3n. Luego de la firma del acta de matrimonio, los contrayentes se dieron el beso a petici\u00f3n de los testigos.<\/p>\n\n\n\n<p>\u00c9l tiene 68 a\u00f1os y ella 48. Si bien la uni\u00f3n no tuvo m\u00e1s presencia que la de los testigos, en el albergue donde se conocieron se llevar\u00e1 a cabo un convivi\u00f3 para celebrar que ni las fronteras entre las naciones, ni las que hay entre en la religi\u00f3n pueden vencer al amor.<\/p>\n\n\n\n<p>(Informaci\u00f3n publicada tambi\u00e9n en \u201cEl Heraldo de M\u00e9xico\u201d)<\/p>\n","protected":false},"excerpt":{"rendered":"<p>Martha Izquierdo\/BLN Radio Oaxaca de Ju\u00e1rez, Oax., a 27 de agosto de 2024.- La sotana&hellip;<\/p>\n","protected":false},"author":2,"featured_media":71813,"comment_status":"closed","ping_status":"open","sticky":false,"template":"","format":"standard","meta":{"_lmt_disableupdate":"","_lmt_disable":"","_jetpack_memberships_contains_paid_content":false,"footnotes":""},"categories":[109,46],"tags":[],"class_list":["post-71812","post","type-post","status-publish","format-standard","has-post-thumbnail","hentry","category-minuto-a-minuto","category-zona-blanca"],"jetpack_featured_media_url":"https:\/\/zonaroja.com.mx\/wp-content\/uploads\/2024\/08\/Boda-sacerdote-Ciudad-Ixtepec.jpg","jetpack_sharing_enabled":true,"_links":{"self":[{"href":"https:\/\/zonaroja.com.mx\/index.php?rest_route=\/wp\/v2\/posts\/71812","targetHints":{"allow":["GET"]}}],"collection":[{"href":"https:\/\/zonaroja.com.mx\/index.php?rest_route=\/wp\/v2\/posts"}],"about":[{"href":"https:\/\/zonaroja.com.mx\/index.php?rest_route=\/wp\/v2\/types\/post"}],"author":[{"embeddable":true,"href":"https:\/\/zonaroja.com.mx\/index.php?rest_route=\/wp\/v2\/users\/2"}],"replies":[{"embeddable":true,"href":"https:\/\/zonaroja.com.mx\/index.php?rest_route=%2Fwp%2Fv2%2Fcomments&post=71812"}],"version-history":[{"count":1,"href":"https:\/\/zonaroja.com.mx\/index.php?rest_route=\/wp\/v2\/posts\/71812\/revisions"}],"predecessor-version":[{"id":71814,"href":"https:\/\/zonaroja.com.mx\/index.php?rest_route=\/wp\/v2\/posts\/71812\/revisions\/71814"}],"wp:featuredmedia":[{"embeddable":true,"href":"https:\/\/zonaroja.com.mx\/index.php?rest_route=\/wp\/v2\/media\/71813"}],"wp:attachment":[{"href":"https:\/\/zonaroja.com.mx\/index.php?rest_route=%2Fwp%2Fv2%2Fmedia&parent=71812"}],"wp:term":[{"taxonomy":"category","embeddable":true,"href":"https:\/\/zonaroja.com.mx\/index.php?rest_route=%2Fwp%2Fv2%2Fcategories&post=71812"},{"taxonomy":"post_tag","embeddable":true,"href":"https:\/\/zonaroja.com.mx\/index.php?rest_route=%2Fwp%2Fv2%2Ftags&post=71812"}],"curies":[{"name":"wp","href":"https:\/\/api.w.org\/{rel}","templated":true}]}}