{"id":71816,"date":"2024-08-27T07:31:17","date_gmt":"2024-08-27T13:31:17","guid":{"rendered":"https:\/\/zonaroja.com.mx\/?p=71816"},"modified":"2024-08-27T07:31:19","modified_gmt":"2024-08-27T13:31:19","slug":"istmo-violento-asesinan-a-balazos-taxista-y-lesionan-a-dos-pasajeros","status":"publish","type":"post","link":"https:\/\/zonaroja.com.mx\/?p=71816","title":{"rendered":"Istmo violento: asesinan a balazos taxista y lesionan a dos pasajeros"},"content":{"rendered":"\n<p>Ismael Garc\u00eda M.\/Zona Roja. Foto: Cortes\u00eda.<\/p>\n\n\n\n<p>Oaxaca de Ju\u00e1rez, Oax., a 27 de agosto de 2024.- Un taxista ejecutado y dos pasajeros lesionados de gravedad es el saldo de un ataque armado ocurrido anoche en Juchit\u00e1n de Zaragoza, municipio de la regi\u00f3n del Istmo.<\/p>\n\n\n\n<p>La agresi\u00f3n por parte de sujetos desconocidos ocurri\u00f3 cuando la unidad de servicio de alquiler del sitio \u201cTaxi Mar\u201d, con n\u00famero econ\u00f3mico 00-04, transitaba por la calle Emilio Carranza casi esquina con Sa\u00fal Mart\u00ednez, en la Octava Secci\u00f3n.<\/p>\n\n\n\n<p>En el instante perdi\u00f3 la vida el chofer del veh\u00edculo, identificado como Edgardo P. O., de 51 a\u00f1os de edad, mientras que fueron trasladados a un hospital Giovanni C. S., y Roberto M. M. S.<\/p>\n\n\n\n<p>Polic\u00edas municipales arribaron a la zona pero no lograron hallar a los atacantes, quienes supuestamente huyeron a bordo de una motocicleta.<\/p>\n\n\n\n<p>Personal de la Vicefiscal\u00eda Regional del Istmo inici\u00f3 las investigaciones correspondientes, para dar con los responsables del homicidio.<\/p>\n\n\n\n<p>En otro caso, la noche del domingo, un individuo fue atacado a balazos, tambi\u00e9n en Juchit\u00e1n de Zaragoza pero en la S\u00e9ptima Secci\u00f3n; el se\u00f1or C\u00e1ndido H., de 33 a\u00f1os de edad, caminaba sobre la calle Industria cuando fue agredido.<\/p>\n\n\n\n<p>Param\u00e9dicos lo trasladaron a un hospital, donde contin\u00faa recibiendo atenci\u00f3n m\u00e9dica y su estado de salud es delicado.<\/p>\n\n\n\n<p>Por otra parte, la Fiscal\u00eda General del Estado investiga tambi\u00e9n un asesinato ocurrido la ma\u00f1ana del domingo en Santo Domingo Xagaa, agencia de la Villa de Mitla.<\/p>\n\n\n\n<p>El cuerpo de David Jacob M. C., de 32 a\u00f1os de edad, fue hallado en el interior del mercado municipal y a\u00fan se desconoce qui\u00e9n o qui\u00e9nes lo privaron de la vida.<\/p>\n","protected":false},"excerpt":{"rendered":"<p>Ismael Garc\u00eda M.\/Zona Roja. Foto: Cortes\u00eda. Oaxaca de Ju\u00e1rez, Oax., a 27 de agosto de&hellip;<\/p>\n","protected":false},"author":2,"featured_media":71817,"comment_status":"closed","ping_status":"open","sticky":false,"template":"","format":"standard","meta":{"_lmt_disableupdate":"","_lmt_disable":"","_jetpack_memberships_contains_paid_content":false,"footnotes":""},"categories":[109,51],"tags":[123],"class_list":["post-71816","post","type-post","status-publish","format-standard","has-post-thumbnail","hentry","category-minuto-a-minuto","category-zona-roja","tag-juchitan-de-zaragoza"],"jetpack_featured_media_url":"https:\/\/zonaroja.com.mx\/wp-content\/uploads\/2024\/08\/Taxista-asesinado-en-Juchitan.jpg","jetpack_sharing_enabled":true,"_links":{"self":[{"href":"https:\/\/zonaroja.com.mx\/index.php?rest_route=\/wp\/v2\/posts\/71816","targetHints":{"allow":["GET"]}}],"collection":[{"href":"https:\/\/zonaroja.com.mx\/index.php?rest_route=\/wp\/v2\/posts"}],"about":[{"href":"https:\/\/zonaroja.com.mx\/index.php?rest_route=\/wp\/v2\/types\/post"}],"author":[{"embeddable":true,"href":"https:\/\/zonaroja.com.mx\/index.php?rest_route=\/wp\/v2\/users\/2"}],"replies":[{"embeddable":true,"href":"https:\/\/zonaroja.com.mx\/index.php?rest_route=%2Fwp%2Fv2%2Fcomments&post=71816"}],"version-history":[{"count":1,"href":"https:\/\/zonaroja.com.mx\/index.php?rest_route=\/wp\/v2\/posts\/71816\/revisions"}],"predecessor-version":[{"id":71818,"href":"https:\/\/zonaroja.com.mx\/index.php?rest_route=\/wp\/v2\/posts\/71816\/revisions\/71818"}],"wp:featuredmedia":[{"embeddable":true,"href":"https:\/\/zonaroja.com.mx\/index.php?rest_route=\/wp\/v2\/media\/71817"}],"wp:attachment":[{"href":"https:\/\/zonaroja.com.mx\/index.php?rest_route=%2Fwp%2Fv2%2Fmedia&parent=71816"}],"wp:term":[{"taxonomy":"category","embeddable":true,"href":"https:\/\/zonaroja.com.mx\/index.php?rest_route=%2Fwp%2Fv2%2Fcategories&post=71816"},{"taxonomy":"post_tag","embeddable":true,"href":"https:\/\/zonaroja.com.mx\/index.php?rest_route=%2Fwp%2Fv2%2Ftags&post=71816"}],"curies":[{"name":"wp","href":"https:\/\/api.w.org\/{rel}","templated":true}]}}