{"id":71821,"date":"2024-08-27T13:12:00","date_gmt":"2024-08-27T19:12:00","guid":{"rendered":"https:\/\/zonaroja.com.mx\/?p=71821"},"modified":"2024-08-27T08:13:50","modified_gmt":"2024-08-27T14:13:50","slug":"a-un-mes-del-caso-mayo-zambada-hay-nuevo-personaje-en-la-trama","status":"publish","type":"post","link":"https:\/\/zonaroja.com.mx\/?p=71821","title":{"rendered":"A un mes del caso \u201cMayo\u201d Zambada, hay nuevo personaje en la trama"},"content":{"rendered":"\n<p>Redacci\u00f3n\/Zona Roja Cdmx.<\/p>\n\n\n\n<p>Ciudad de M\u00e9xico, a 27 de agosto de 2024.- A un mes de la detenci\u00f3n de Ismael \u2018El Mayo\u2019 Zambada y Joaqu\u00edn Guzm\u00e1n L\u00f3pez, sobresali\u00f3 un nuevo nombre que aportar\u00eda nuevos datos a la investigaci\u00f3n.<\/p>\n\n\n\n<p>Se trata de Fausto Corrales, quien acompa\u00f1aba a H\u00e9ctor Melesio Cu\u00e9n, exrector de la Universidad Aut\u00f3noma de Sinaloa, a la reuni\u00f3n que tendr\u00eda con Zambada y con el gobernador del estado, Rub\u00e9n Rocha.<\/p>\n\n\n\n<p>\u201cFausto Corrales es testigo clave y desconocemos en qu\u00e9 sentido fue su declaraci\u00f3n oficial ante la Fiscal\u00eda federal, pero a la familia le ha estado diciendo cosas y lo \u00faltimo es que \u00e9l escuch\u00f3 la voz del gobernador Rub\u00e9n Rocha y del senador electo, Enrique Inzunza, en el momento en que mataron a Melesio\u201d, dijo Juan Manuel Partida, presidente de la Asociaci\u00f3n de Periodistas de Sinaloa, en entrevista con Azucena Uresti.<\/p>\n\n\n\n<p>El fin de semana pasado la Fiscal\u00eda General de la Rep\u00fablica (FGR) hizo un operativo en Culiac\u00e1n relacionado con Fausto Corrales, despu\u00e9s aclararon que no era para detenerlo sino para protegerlo. Hasta ahora no se sabe d\u00f3nde est\u00e1 Corrales a pesar de que lo han buscado en la casa de su pap\u00e1 y los alrededores.<\/p>\n\n\n\n<p>Es el mismo hombre se\u00f1alado por la Fiscal\u00eda de Sinaloa como el testigo, quien asegur\u00f3 que H\u00e9ctor Melesio Cu\u00e9n fue asesinado durante un asalto. Sin embargo, Juan Manuel Partida acus\u00f3 que se trata de \u201cun nuevo montaje. Esa es una atribuci\u00f3n falsa, no lo dijo \u00e9l\u201d.<\/p>\n\n\n\n<p>El asesinato del fundador del Partido Sinaloense (PAS) tom\u00f3 relevancia luego de que \u2018El Mayo\u2019 Zambada hiciera p\u00fablica una carta a trav\u00e9s de su abogado en la cual asegur\u00f3 que fue emboscado para llevarlo detenido a Estados Unidos.<\/p>\n\n\n\n<p>Zambada asegur\u00f3 que el hijo de \u2018El Chapo\u2019 le pidi\u00f3 que participara en una reuni\u00f3n con Melesio Cu\u00e9n y el gobernador de Sinaloa con el fin de mediar diferencias pol\u00edticas entre ambos.<\/p>\n\n\n\n<p>Sin embargo, Cu\u00e9n fue asesinado en el rancho donde ser\u00eda el encuentro y \u2018El Mayo\u2019 sometido para trasladarlo a una avioneta que lo llevar\u00eda a su detenci\u00f3n a Estados Unidos. Rub\u00e9n Rocha desminti\u00f3 estas afirmaciones al asegurar que el d\u00eda en el que ocurrieron los hechos, 25 de julio, \u00e9l estaba en Los \u00c1ngeles con su familia.<\/p>\n\n\n\n<p>Despu\u00e9s, la Fiscal\u00eda de Sinaloa dio a conocer un video del supuesto asesinato de Cu\u00e9n en una gasolinera. Sin embargo, la Fiscal\u00eda General de la Rep\u00fablica (FGR) cuestion\u00f3 esta versi\u00f3n al se\u00f1alar inconsistencias en los hechos, lo cual deriv\u00f3 en la renuncia de la fiscal sinaloense, Sara Bruna.<\/p>\n\n\n\n<p>(Informaci\u00f3n de \u201cEl Financiero\u201d)<\/p>\n","protected":false},"excerpt":{"rendered":"<p>Redacci\u00f3n\/Zona Roja Cdmx. Ciudad de M\u00e9xico, a 27 de agosto de 2024.- A un mes&hellip;<\/p>\n","protected":false},"author":2,"featured_media":70848,"comment_status":"closed","ping_status":"open","sticky":false,"template":"","format":"standard","meta":{"_lmt_disableupdate":"","_lmt_disable":"","_jetpack_memberships_contains_paid_content":false,"footnotes":""},"categories":[109,47],"tags":[3847],"class_list":["post-71821","post","type-post","status-publish","format-standard","has-post-thumbnail","hentry","category-minuto-a-minuto","category-zona-gris","tag-ismael-el-mayo-zambada"],"jetpack_featured_media_url":"https:\/\/zonaroja.com.mx\/wp-content\/uploads\/2024\/07\/Mayo-Zambada-y-Joaquin-Guzman.jpeg","jetpack_sharing_enabled":true,"_links":{"self":[{"href":"https:\/\/zonaroja.com.mx\/index.php?rest_route=\/wp\/v2\/posts\/71821","targetHints":{"allow":["GET"]}}],"collection":[{"href":"https:\/\/zonaroja.com.mx\/index.php?rest_route=\/wp\/v2\/posts"}],"about":[{"href":"https:\/\/zonaroja.com.mx\/index.php?rest_route=\/wp\/v2\/types\/post"}],"author":[{"embeddable":true,"href":"https:\/\/zonaroja.com.mx\/index.php?rest_route=\/wp\/v2\/users\/2"}],"replies":[{"embeddable":true,"href":"https:\/\/zonaroja.com.mx\/index.php?rest_route=%2Fwp%2Fv2%2Fcomments&post=71821"}],"version-history":[{"count":1,"href":"https:\/\/zonaroja.com.mx\/index.php?rest_route=\/wp\/v2\/posts\/71821\/revisions"}],"predecessor-version":[{"id":71822,"href":"https:\/\/zonaroja.com.mx\/index.php?rest_route=\/wp\/v2\/posts\/71821\/revisions\/71822"}],"wp:featuredmedia":[{"embeddable":true,"href":"https:\/\/zonaroja.com.mx\/index.php?rest_route=\/wp\/v2\/media\/70848"}],"wp:attachment":[{"href":"https:\/\/zonaroja.com.mx\/index.php?rest_route=%2Fwp%2Fv2%2Fmedia&parent=71821"}],"wp:term":[{"taxonomy":"category","embeddable":true,"href":"https:\/\/zonaroja.com.mx\/index.php?rest_route=%2Fwp%2Fv2%2Fcategories&post=71821"},{"taxonomy":"post_tag","embeddable":true,"href":"https:\/\/zonaroja.com.mx\/index.php?rest_route=%2Fwp%2Fv2%2Ftags&post=71821"}],"curies":[{"name":"wp","href":"https:\/\/api.w.org\/{rel}","templated":true}]}}