{"id":71823,"date":"2024-08-27T23:13:00","date_gmt":"2024-08-28T05:13:00","guid":{"rendered":"https:\/\/zonaroja.com.mx\/?p=71823"},"modified":"2024-08-27T08:15:11","modified_gmt":"2024-08-27T14:15:11","slug":"lanza-la-oms-plan-emergente-contra-la-viruela-sismica-requiere-135-mdd","status":"publish","type":"post","link":"https:\/\/zonaroja.com.mx\/?p=71823","title":{"rendered":"Lanza la OMS plan emergente contra la viruela s\u00edsmica; requiere 135 mdd"},"content":{"rendered":"\n<p>Redacci\u00f3n\/Zona Roja Cdmx.<\/p>\n\n\n\n<p>Ciudad de M\u00e9xico, a 27 de agosto de 2024.- La Organizaci\u00f3n Mundial de la Salud (OMS) lanz\u00f3 el lunes 26 de agosto un plan de seis meses para detener la propagaci\u00f3n de la viruela s\u00edmica, aumentando el personal en pa\u00edses y mejorando la vigilancia, prevenci\u00f3n y respuesta.<\/p>\n\n\n\n<p>La OMS calcul\u00f3 que el plan, que ir\u00e1 de septiembre hasta febrero del a\u00f1o que viene, requerir\u00e1 135 millones de d\u00f3lares y buscar\u00e1 mejorar el acceso a vacunas, especialmente en pa\u00edses africanos m\u00e1s afectados por el brote reciente.<\/p>\n\n\n\n<p>\u201cLos brotes de viruela s\u00edmica en la Rep\u00fablica Democr\u00e1tica del Congo y pa\u00edses vecinos pueden ser controlados y pueden ser detenidos\u201d, dijo en un comunicado el director general de la OMS, Tedros Adhanom Ghebreyesus.<\/p>\n\n\n\n<p>La agencia est\u00e1 \u201caumentando significativamente\u201d su personal en los pa\u00edses afectados, a\u00f1adi\u00f3. La OMS calific\u00f3 el brote actual de viruela s\u00edmica como una emergencia de salud mundial a mediados de agosto.<\/p>\n\n\n\n<p>Tambi\u00e9n el lunes, el vocero del gobierno alem\u00e1n Steffen Hebestreit dijo que Alemania donar\u00e1 100 mil dosis de la vacuna contra la viruela s\u00edmica a pa\u00edses afectados, sacadas de las reservas de su ej\u00e9rcito, report\u00f3 la agencia alemana de noticias dpa.<\/p>\n\n\n\n<p>El martes de la semana pasada, el Congo \u2014 el pa\u00eds m\u00e1s afectado \u2014 report\u00f3 m\u00e1s de mil casos de viruela s\u00edmica en la semana previa.<\/p>\n\n\n\n<p>Los Centros para el Control y Prevenci\u00f3n de Enfermedades de \u00c1frica reportaron que para el jueves, m\u00e1s de 21.300 casos posibles o confirmados y 590 muertes por viruela s\u00edmica se hab\u00edan reportado este a\u00f1o en 12 pa\u00edses africanos.<\/p>\n\n\n\n<p>La viruela s\u00edmica pertenece a la misma familia de virus que la viruela general, pero suele causar s\u00edntomas m\u00e1s leves como fiebre, escalofr\u00edos y dolores corporales. Por lo general se contagia mediante el contacto humano, incluyendo las relaciones sexuales.<\/p>\n\n\n\n<p>Los que sufren de un caso m\u00e1s severo podr\u00edan sufrir lesiones en la cara, manos, pecho y genitales.<\/p>\n\n\n\n<p>La Secretar\u00eda de Salud en Coahuila investiga un caso sospechoso de viruela del mono al norte de la entidad, luego de que un paciente arribara al Hospital General de Piedras Negras con lesiones en el cuerpo, lo que provoc\u00f3 la activaci\u00f3n de un protocolo para la toma de muestras para obtener un diagn\u00f3stico, seg\u00fan afirm\u00f3 el titular de la dependencia, Eliud Aguirre.<\/p>\n\n\n\n<p>El funcionario estatal, afirm\u00f3 que adem\u00e1s del aislamiento del paciente, se le est\u00e1 proporcionando el tratamiento m\u00e9dico recomendado y&nbsp;se inici\u00f3 un cerco sanitario para detectar si existen m\u00e1s casos.<\/p>\n\n\n\n<p>Eliud Aguirre, indic\u00f3 que se trata de un hombre de 42 a\u00f1os, originario de Piedras Negras, la cual habr\u00eda manifestado a las autoridades de salud, el no haber tenido contacto con personas contagiadas de esta enfermedad.<\/p>\n\n\n\n<p>(Informaci\u00f3n de la agencia AP en \u201cMilenio\u201d)<\/p>\n","protected":false},"excerpt":{"rendered":"<p>Redacci\u00f3n\/Zona Roja Cdmx. Ciudad de M\u00e9xico, a 27 de agosto de 2024.- La Organizaci\u00f3n Mundial&hellip;<\/p>\n","protected":false},"author":2,"featured_media":71397,"comment_status":"closed","ping_status":"open","sticky":false,"template":"","format":"standard","meta":{"_lmt_disableupdate":"","_lmt_disable":"","_jetpack_memberships_contains_paid_content":false,"footnotes":""},"categories":[109,47],"tags":[3161],"class_list":["post-71823","post","type-post","status-publish","format-standard","has-post-thumbnail","hentry","category-minuto-a-minuto","category-zona-gris","tag-viruela-del-mono"],"jetpack_featured_media_url":"https:\/\/zonaroja.com.mx\/wp-content\/uploads\/2024\/08\/Viruela-del-mono.jpg","jetpack_sharing_enabled":true,"_links":{"self":[{"href":"https:\/\/zonaroja.com.mx\/index.php?rest_route=\/wp\/v2\/posts\/71823","targetHints":{"allow":["GET"]}}],"collection":[{"href":"https:\/\/zonaroja.com.mx\/index.php?rest_route=\/wp\/v2\/posts"}],"about":[{"href":"https:\/\/zonaroja.com.mx\/index.php?rest_route=\/wp\/v2\/types\/post"}],"author":[{"embeddable":true,"href":"https:\/\/zonaroja.com.mx\/index.php?rest_route=\/wp\/v2\/users\/2"}],"replies":[{"embeddable":true,"href":"https:\/\/zonaroja.com.mx\/index.php?rest_route=%2Fwp%2Fv2%2Fcomments&post=71823"}],"version-history":[{"count":1,"href":"https:\/\/zonaroja.com.mx\/index.php?rest_route=\/wp\/v2\/posts\/71823\/revisions"}],"predecessor-version":[{"id":71824,"href":"https:\/\/zonaroja.com.mx\/index.php?rest_route=\/wp\/v2\/posts\/71823\/revisions\/71824"}],"wp:featuredmedia":[{"embeddable":true,"href":"https:\/\/zonaroja.com.mx\/index.php?rest_route=\/wp\/v2\/media\/71397"}],"wp:attachment":[{"href":"https:\/\/zonaroja.com.mx\/index.php?rest_route=%2Fwp%2Fv2%2Fmedia&parent=71823"}],"wp:term":[{"taxonomy":"category","embeddable":true,"href":"https:\/\/zonaroja.com.mx\/index.php?rest_route=%2Fwp%2Fv2%2Fcategories&post=71823"},{"taxonomy":"post_tag","embeddable":true,"href":"https:\/\/zonaroja.com.mx\/index.php?rest_route=%2Fwp%2Fv2%2Ftags&post=71823"}],"curies":[{"name":"wp","href":"https:\/\/api.w.org\/{rel}","templated":true}]}}