{"id":71825,"date":"2024-08-27T14:15:00","date_gmt":"2024-08-27T20:15:00","guid":{"rendered":"https:\/\/zonaroja.com.mx\/?p=71825"},"modified":"2024-08-27T08:18:12","modified_gmt":"2024-08-27T14:18:12","slug":"opinion-marcos-y-el-efecto-ezln-en-oaxaca","status":"publish","type":"post","link":"https:\/\/zonaroja.com.mx\/?p=71825","title":{"rendered":"Opini\u00f3n. Marcos y el efecto EZLN en Oaxaca"},"content":{"rendered":"\n<p>Isidoro Yescas*<\/p>\n\n\n\n<p>Ahora que el otrora Subcomandante Marcos (hoy simplemente Capit\u00e1n) ha reaparecido en el escenario pol\u00edtico nacional para darle vuelo a su magistral pluma y criticar con dureza al gobierno de AMLO, a &nbsp;Morena y a&nbsp;los dirigentes del PRI, PAN y PRD, vale la pena &nbsp;comentar el efecto pol\u00edtico que tuvo en Oaxaca el levantamiento del EZLN en&nbsp;enero de&nbsp;1994&nbsp;(ocurrido en el &nbsp;vecino estado de Chiapas),&nbsp;expresado, fundamentalmente, en la reglamentaci\u00f3n de los usos y costumbres electorales de 418 municipios ind\u00edgenas y en la emergencia de un conjunto de organizaciones sociales y de la sociedad civil&nbsp;(&nbsp;Ucizoni,&nbsp;Codeci, Campo, Educa,&nbsp;etc&nbsp;)&nbsp;que le dar\u00edan mayor vitalidad e impulso a los movimientos sociales que ya se estaban expresando en la entidad desde la d\u00e9cada de los setenta.<\/p>\n\n\n\n<p>Solo para un m\u00ednimo de contexto, importa referir que el levantamiento de pueblos ind\u00edgenas agrupados en el&nbsp;EZLN ,&nbsp;con el Subcomandante Marcos al frente,&nbsp;coloc\u00f3 en la vitrina nacional e internacional la cruda realidad de miseria, pobreza, injusticias y explotaci\u00f3n de los pueblos ind\u00edgenas de M\u00e9xico que &nbsp;obligar\u00eda al gobierno de Carlos Salinas y quienes lo sucedieron en la presidencia de la rep\u00fablica &nbsp;a voltear los ojos hacia este sector para atender algunas de sus demandas.&nbsp;<\/p>\n\n\n\n<p>Entre esas demandas, la que tuvo mayor impacto en Oaxaca fue la vinculada al reclamo de autogobierno&nbsp;y &nbsp;autonom\u00eda&nbsp;pol\u00edtica para los pueblos ind\u00edgenas.&nbsp;<\/p>\n\n\n\n<p>Y ese impacto se expres\u00f3 en un cambio radical en la forma y los mecanismos para elegir y reconocer a las autoridades municipales de la tercera parte de los 570 municipios de nuestra entidad en donde el PRI-gobierno indebidamente se apropiaba del voto comunitario y la propia representatividad&nbsp;legal&nbsp;y&nbsp;pol\u00edtica&nbsp;de sus autoridades.&nbsp;<\/p>\n\n\n\n<p>Si&nbsp;desde antes de la insurrecci\u00f3n zapatista&nbsp;el movimiento social oaxaque\u00f1o, y algunos legisladores de oposici\u00f3n, ya se hab\u00edan pronunciado por el respeto a los usos y costumbres ind\u00edgenas,&nbsp;la aparici\u00f3n del EZLN termin\u00f3 por darle el impulso pol\u00edtico necesario para que desde el poder legislativo y ejecutivo convocara a las fuerzas&nbsp;sociales y pol\u00edticas vigentes entonces para instalar mesas de trabajo y consensuar un proyecto de cambios en los mecanismos para elegir y reconocer las elecciones de autoridades municipales comunitarias.&nbsp;<\/p>\n\n\n\n<p>No fue nada f\u00e1cil vencer las resistencias del PRI pero, finalmente, la iniciativa para reglamentar \u201clas tradiciones y pr\u00e1cticas democr\u00e1ticas de las comunidades ind\u00edgenas\u201d&nbsp;,que se incorporar\u00edan al C\u00f3digo de Instituciones y Procedimientos Electorales del Estado de Oaxaca (CIPEEO) fue aprobada el 30 de agosto de 1995. Con posterioridad, el llamado libro IV del CIPEEO&nbsp;fue objeto de ajustes y&nbsp;modificaciones&nbsp;para, finalmente,&nbsp;adquirir rango constitucional.<\/p>\n\n\n\n<p>El pr\u00f3ximo a\u00f1o se cumplir\u00e1n 30 a\u00f1os&nbsp;de la vigencia de lo que&nbsp;formalmente &nbsp;se&nbsp;denominanSistemas Normativos Ind\u00edgenas y que han garantizado, en lo general,&nbsp;gobernabilidad y&nbsp;mayores controles institucionales de los procesos de elecci\u00f3n de autoridades&nbsp;en 417 municipios&nbsp;de nuestra entidad.<\/p>\n\n\n\n<p>Han transcurrido tambi\u00e9n tres d\u00e9cadas del surgimiento del EZLN que&nbsp;aunque &nbsp;ya disminuido en su liderazgo, representatividad social &nbsp;y presencia pol\u00edtica se mantiene como un referente medi\u00e1tico en la vida p\u00fablica de M\u00e9xico.&nbsp;<\/p>\n\n\n\n<p>De all\u00ed la trascendencia de sus pronunciamientos p\u00fablicos y las cartas que a trav\u00e9s de la p\u00e1gina de internet Enlace Zapatista est\u00e1&nbsp;difundiendo &nbsp;el&nbsp;Capit\u00e1n Marcos en la coyuntura del fin del sexenio&nbsp;obradorista.&nbsp;<\/p>\n\n\n\n<p>Una cr\u00edtica necesaria desde ese flanco de la izquierda no partidista hacia el nuevo orden pol\u00edtico&nbsp;cuatrote\u00edsta&nbsp;&nbsp;y ,con especial dedicatoria, al estilo personal de gobernar del presidente AMLO,&nbsp;quien &nbsp;ha preferido &nbsp;no polemizar con quien&nbsp;a final de cuentas forma parte de ese &nbsp;amplio movimiento ind\u00edgena antisistema que oblig\u00f3 al Estado Mexicano a establecer un nuevo pacto social con los pueblos originarios.&nbsp;<\/p>\n\n\n\n<p>*Maestro en Sociolog\u00eda.<\/p>\n","protected":false},"excerpt":{"rendered":"<p>Isidoro Yescas* Ahora que el otrora Subcomandante Marcos (hoy simplemente Capit\u00e1n) ha reaparecido en el&hellip;<\/p>\n","protected":false},"author":2,"featured_media":71623,"comment_status":"closed","ping_status":"open","sticky":false,"template":"","format":"standard","meta":{"_lmt_disableupdate":"","_lmt_disable":"","_jetpack_memberships_contains_paid_content":false,"footnotes":""},"categories":[456,109],"tags":[3998],"class_list":["post-71825","post","type-post","status-publish","format-standard","has-post-thumbnail","hentry","category-columna","category-minuto-a-minuto","tag-isidoro-yescas-martinez"],"jetpack_featured_media_url":"https:\/\/zonaroja.com.mx\/wp-content\/uploads\/2024\/08\/Opinion.-Isidoro-Yescas.jpg","jetpack_sharing_enabled":true,"_links":{"self":[{"href":"https:\/\/zonaroja.com.mx\/index.php?rest_route=\/wp\/v2\/posts\/71825","targetHints":{"allow":["GET"]}}],"collection":[{"href":"https:\/\/zonaroja.com.mx\/index.php?rest_route=\/wp\/v2\/posts"}],"about":[{"href":"https:\/\/zonaroja.com.mx\/index.php?rest_route=\/wp\/v2\/types\/post"}],"author":[{"embeddable":true,"href":"https:\/\/zonaroja.com.mx\/index.php?rest_route=\/wp\/v2\/users\/2"}],"replies":[{"embeddable":true,"href":"https:\/\/zonaroja.com.mx\/index.php?rest_route=%2Fwp%2Fv2%2Fcomments&post=71825"}],"version-history":[{"count":1,"href":"https:\/\/zonaroja.com.mx\/index.php?rest_route=\/wp\/v2\/posts\/71825\/revisions"}],"predecessor-version":[{"id":71826,"href":"https:\/\/zonaroja.com.mx\/index.php?rest_route=\/wp\/v2\/posts\/71825\/revisions\/71826"}],"wp:featuredmedia":[{"embeddable":true,"href":"https:\/\/zonaroja.com.mx\/index.php?rest_route=\/wp\/v2\/media\/71623"}],"wp:attachment":[{"href":"https:\/\/zonaroja.com.mx\/index.php?rest_route=%2Fwp%2Fv2%2Fmedia&parent=71825"}],"wp:term":[{"taxonomy":"category","embeddable":true,"href":"https:\/\/zonaroja.com.mx\/index.php?rest_route=%2Fwp%2Fv2%2Fcategories&post=71825"},{"taxonomy":"post_tag","embeddable":true,"href":"https:\/\/zonaroja.com.mx\/index.php?rest_route=%2Fwp%2Fv2%2Ftags&post=71825"}],"curies":[{"name":"wp","href":"https:\/\/api.w.org\/{rel}","templated":true}]}}