{"id":71839,"date":"2024-08-27T20:08:39","date_gmt":"2024-08-28T02:08:39","guid":{"rendered":"https:\/\/zonaroja.com.mx\/?p=71839"},"modified":"2024-08-27T20:08:42","modified_gmt":"2024-08-28T02:08:42","slug":"investiga-fiscalia-triple-feminicidio-y-crimen-de-un-nino-en-el-istmo","status":"publish","type":"post","link":"https:\/\/zonaroja.com.mx\/?p=71839","title":{"rendered":"Investiga Fiscal\u00eda triple feminicidio y crimen de un ni\u00f1o en el Istmo"},"content":{"rendered":"\n<p>Raymundo Morales\/Zona Roja.<\/p>\n\n\n\n<p>Oaxaca de Ju\u00e1rez, Oax. 27 agosto de 2024.- La Fiscal\u00eda General del Estado de Oaxaca (FGEO) inform\u00f3 que lleva a cabo labores multidisciplinarias -bajo el Protocolo de Investigaci\u00f3n Ministerial, Policial y Pericial del Delito de Feminicidio-, en el caso de la muerte violenta de una mujer y sus dos hijas -menores de edad-, ocurridas este martes en el Istmo de Tehuantepec.<\/p>\n\n\n\n<p>Luego que las autoridades municipales de San Francisco del Mar informaran del hallazgo de tres cuerpos sin vida, correspondientes a una mujer adulta identificada como M.T.A.V., as\u00ed como de sus dos hijas (de 14 y 11 a\u00f1os de edad, cuyos datos est\u00e1n reservados por ley), en la colonia Agua Dulce de dicha municipalidad, la Vicefiscal\u00eda Regional del Istmo inici\u00f3 con las primeras indagatorias.<\/p>\n\n\n\n<p>Para fortalecer las investigaciones y realizarlas con perspectiva de g\u00e9nero e infancia y adolescencia, as\u00ed como efectuar el an\u00e1lisis y contexto del hecho, personal de la Fiscal\u00eda Especializada para la Atenci\u00f3n de Delitos contra la Mujer por Raz\u00f3n de G\u00e9nero, Fiscal\u00eda Especializada en Feminicidios, e integrantes de la Unidad de An\u00e1lisis y Contexto, se trasladaron al lugar, con el objetivo de robustecer los trabajos ministeriales.<\/p>\n\n\n\n<p>EN CHAHUITES<\/p>\n\n\n\n<p>En otro caso ocurrido hoy, la Fiscal\u00eda General dio a conocer que se detuvo a un adolescente del sexo masculino (16 a\u00f1os de edad), por su probable responsabilidad en el Homicidio de un ni\u00f1o y realiza los trabajos ministeriales especializados para atender el caso, por los hechos ocurridos en la regi\u00f3n del Istmo de Tehuantepec.<\/p>\n\n\n\n<p>Con la intervenci\u00f3n inmediata de la FGEO, a trav\u00e9s de la Vicefiscal\u00eda Regional del Istmo y con la intervenci\u00f3n directa de la Fiscal\u00eda Especializada en Justicia para Adolescentes, se realizan los trabajos ministeriales correspondientes para establecer el grado de responsabilidad en los hechos, de la persona adolescente que fue presentada ante la autoridad ministerial pertinente.<\/p>\n\n\n\n<p>Los hechos sucedieron este martes, 27 de agosto de 2024, al interior de un domicilio abandonado ubicado en la orilla de la carretera federal 190, paraje Las Pi\u00f1as, colonia San Antonio, del municipio de Chahuites.<\/p>\n\n\n\n<p>En dicho sitio, localizaron el cuerpo sin vida de un ni\u00f1o, cuya identidad est\u00e1 reservada por ley, quien presentaba diversas lesiones provocadas por un objeto corto-contundente.<\/p>\n\n\n\n<p>Pobladores de la comunidad detuvieron a un adolescente de 16 a\u00f1os de edad, a quien se\u00f1alaron como responsable del homicidio. Dicho menor de edad qued\u00f3 bajo resguardo de la Polic\u00eda Municipal del lugar, que posteriormente lo puso a disposici\u00f3n de las \u00e1reas correspondientes de la Fiscal\u00eda de Oaxaca.<\/p>\n\n\n\n<p>La persona adolescente detenida por la comunidad, qued\u00f3 a disposici\u00f3n de las \u00e1reas especializadas en justicia para delitos cometidos por adolescentes, para aplicar los protocolos de investigaci\u00f3n garantistas de los derechos humanos que establece la ley en estos casos.<\/p>\n\n\n\n<p>\u201cLa Fiscal\u00eda General del Estado de Oaxaca realiza investigaciones especializadas ante delitos cometidos en contra de ni\u00f1as, ni\u00f1os y adolescentes, a trav\u00e9s de equipos multidisciplinarios que permitan atender los casos tomando en cuenta las particularidades de las v\u00edctimas y las circunstancias especiales de los probables agresores de modo que la atenci\u00f3n sea integral y especializada en materia de justicia para adolescentes\u201d, detall\u00f3.<\/p>\n","protected":false},"excerpt":{"rendered":"<p>Raymundo Morales\/Zona Roja. Oaxaca de Ju\u00e1rez, Oax. 27 agosto de 2024.- La Fiscal\u00eda General del&hellip;<\/p>\n","protected":false},"author":2,"featured_media":71841,"comment_status":"closed","ping_status":"open","sticky":false,"template":"","format":"standard","meta":{"_lmt_disableupdate":"","_lmt_disable":"","_jetpack_memberships_contains_paid_content":false,"footnotes":""},"categories":[109,46],"tags":[494],"class_list":["post-71839","post","type-post","status-publish","format-standard","has-post-thumbnail","hentry","category-minuto-a-minuto","category-zona-blanca","tag-fiscalia-general-del-estado-de-oaxaca"],"jetpack_featured_media_url":"https:\/\/zonaroja.com.mx\/wp-content\/uploads\/2024\/08\/Fiscalia-General-del-Estado.jpg","jetpack_sharing_enabled":true,"_links":{"self":[{"href":"https:\/\/zonaroja.com.mx\/index.php?rest_route=\/wp\/v2\/posts\/71839","targetHints":{"allow":["GET"]}}],"collection":[{"href":"https:\/\/zonaroja.com.mx\/index.php?rest_route=\/wp\/v2\/posts"}],"about":[{"href":"https:\/\/zonaroja.com.mx\/index.php?rest_route=\/wp\/v2\/types\/post"}],"author":[{"embeddable":true,"href":"https:\/\/zonaroja.com.mx\/index.php?rest_route=\/wp\/v2\/users\/2"}],"replies":[{"embeddable":true,"href":"https:\/\/zonaroja.com.mx\/index.php?rest_route=%2Fwp%2Fv2%2Fcomments&post=71839"}],"version-history":[{"count":1,"href":"https:\/\/zonaroja.com.mx\/index.php?rest_route=\/wp\/v2\/posts\/71839\/revisions"}],"predecessor-version":[{"id":71842,"href":"https:\/\/zonaroja.com.mx\/index.php?rest_route=\/wp\/v2\/posts\/71839\/revisions\/71842"}],"wp:featuredmedia":[{"embeddable":true,"href":"https:\/\/zonaroja.com.mx\/index.php?rest_route=\/wp\/v2\/media\/71841"}],"wp:attachment":[{"href":"https:\/\/zonaroja.com.mx\/index.php?rest_route=%2Fwp%2Fv2%2Fmedia&parent=71839"}],"wp:term":[{"taxonomy":"category","embeddable":true,"href":"https:\/\/zonaroja.com.mx\/index.php?rest_route=%2Fwp%2Fv2%2Fcategories&post=71839"},{"taxonomy":"post_tag","embeddable":true,"href":"https:\/\/zonaroja.com.mx\/index.php?rest_route=%2Fwp%2Fv2%2Ftags&post=71839"}],"curies":[{"name":"wp","href":"https:\/\/api.w.org\/{rel}","templated":true}]}}