{"id":71843,"date":"2024-08-27T22:35:42","date_gmt":"2024-08-28T04:35:42","guid":{"rendered":"https:\/\/zonaroja.com.mx\/?p=71843"},"modified":"2024-08-27T22:35:44","modified_gmt":"2024-08-28T04:35:44","slug":"y-los-taxistas-y-maestros-vuelven-a-imponer-su-ley-en-oaxaca","status":"publish","type":"post","link":"https:\/\/zonaroja.com.mx\/?p=71843","title":{"rendered":"Y los taxistas y maestros vuelven a imponer su ley en Oaxaca\u00a0"},"content":{"rendered":"\n<p>Ismael Garc\u00eda M.\/Zona Roja.<\/p>\n\n\n\n<p>Oaxaca de Ju\u00e1rez, Oax., a 27 de agosto de 2024.- Bloquean calles, afectan a ciudadanos, presionan a las autoridades, \u201ctoman\u201d oficinas y la ley no se les aplica.&nbsp;<\/p>\n\n\n\n<p>Son los taxistas y los maestros de la Secci\u00f3n 22 del SNTE, que este martes protagonizaron un segundo d\u00eda de caos en Oaxaca.<\/p>\n\n\n\n<p>Por la ma\u00f1ana, el gobierno estatal puso en marcha una nueva ruta del Citybus, transporte de pasajeros, de la avenida S\u00edmbolos Patrios hacia Ciudad Judicial, complejo gubernamental ubicado en Reyes Mantec\u00f3n, municipio de San Bartolo Coyotepec.<\/p>\n\n\n\n<p>Pero, por errores y falta de di\u00e1logo de la Secretar\u00eda de Movilidad estatal, de inmediato los taxistas colectivos de diversos sitios, entre ellos de Reyes Mantec\u00f3n, retuvieron a una de las unidades en la carretera a Zimatl\u00e1n.<\/p>\n\n\n\n<p>Poco despu\u00e9s pararon otro autob\u00fas ya cerca de Ciudad Judicial, sede del gobierno que tambi\u00e9n sitiaron con m\u00faltiples taxis, para impedir la salida de trabajadores.<\/p>\n\n\n\n<p>Hasta la tarde-noche, no hab\u00eda acuerdo entre las partes y de \u00faltima hora se dio a conocer de manera extraoficial que los taxistas lograron frenar temporalmente la ruta del Citybus.<\/p>\n\n\n\n<p>Mientras tanto, alrededor de las 13:30 horas, maestros afiliados a la Secci\u00f3n e del SNTE, del nivel Secundarias Generales, \u201ctomaron\u201d varios camiones del transporte de pasajeros.<\/p>\n\n\n\n<p>Con ellos bloquearon la calzada H\u00e9roes de Chapultepec de la capital, para exigir supuestos pagos atrasados para un indeterminado n\u00famero de docentes; se retiraron por la noche pero amagaron con volver.<\/p>\n\n\n\n<p>El Instituto Estatal de Educaci\u00f3n P\u00fablica se limit\u00f3 a informar en un comunicado que hab\u00eda una serie de anomal\u00edas en el cumplimiento de los requisitos para pagar los pendientes.<\/p>\n\n\n\n<p>Y en otro tema educativo, por segundo d\u00eda consecutivo, padres de familia con hijos en la escuela primaria \u201cAbraham Castellanos\u201d de la ciudad, bloquearon de nuevo la calle de Reforma y ahora extendieron su protesta a m\u00e1s calles del centro.<\/p>\n\n\n\n<p>La exigencia es que se aplique justicia en contra de la tesorera del comit\u00e9, que supuestamente huy\u00f3 con un fondo de recursos por m\u00e1s de 500 mil pesos, as\u00ed como la asignaci\u00f3n de aulas provisionales para atender al alumnado.<\/p>\n\n\n\n<p>Ante la falta de respuesta en este segundo d\u00eda de movilizaciones, ma\u00f1ana prev\u00e9n que sus hijos reciban clases en el z\u00f3calo de la capital.<\/p>\n","protected":false},"excerpt":{"rendered":"<p>Ismael Garc\u00eda M.\/Zona Roja. Oaxaca de Ju\u00e1rez, Oax., a 27 de agosto de 2024.- Bloquean&hellip;<\/p>\n","protected":false},"author":2,"featured_media":71844,"comment_status":"closed","ping_status":"open","sticky":false,"template":"","format":"standard","meta":{"_lmt_disableupdate":"","_lmt_disable":"","_jetpack_memberships_contains_paid_content":false,"footnotes":""},"categories":[109,47],"tags":[2047],"class_list":["post-71843","post","type-post","status-publish","format-standard","has-post-thumbnail","hentry","category-minuto-a-minuto","category-zona-gris","tag-protestas-sociales-en-oaxaca"],"jetpack_featured_media_url":"https:\/\/zonaroja.com.mx\/wp-content\/uploads\/2024\/08\/Bloqueos-y-protestas-Oaxaca-1.jpg","jetpack_sharing_enabled":true,"_links":{"self":[{"href":"https:\/\/zonaroja.com.mx\/index.php?rest_route=\/wp\/v2\/posts\/71843","targetHints":{"allow":["GET"]}}],"collection":[{"href":"https:\/\/zonaroja.com.mx\/index.php?rest_route=\/wp\/v2\/posts"}],"about":[{"href":"https:\/\/zonaroja.com.mx\/index.php?rest_route=\/wp\/v2\/types\/post"}],"author":[{"embeddable":true,"href":"https:\/\/zonaroja.com.mx\/index.php?rest_route=\/wp\/v2\/users\/2"}],"replies":[{"embeddable":true,"href":"https:\/\/zonaroja.com.mx\/index.php?rest_route=%2Fwp%2Fv2%2Fcomments&post=71843"}],"version-history":[{"count":1,"href":"https:\/\/zonaroja.com.mx\/index.php?rest_route=\/wp\/v2\/posts\/71843\/revisions"}],"predecessor-version":[{"id":71845,"href":"https:\/\/zonaroja.com.mx\/index.php?rest_route=\/wp\/v2\/posts\/71843\/revisions\/71845"}],"wp:featuredmedia":[{"embeddable":true,"href":"https:\/\/zonaroja.com.mx\/index.php?rest_route=\/wp\/v2\/media\/71844"}],"wp:attachment":[{"href":"https:\/\/zonaroja.com.mx\/index.php?rest_route=%2Fwp%2Fv2%2Fmedia&parent=71843"}],"wp:term":[{"taxonomy":"category","embeddable":true,"href":"https:\/\/zonaroja.com.mx\/index.php?rest_route=%2Fwp%2Fv2%2Fcategories&post=71843"},{"taxonomy":"post_tag","embeddable":true,"href":"https:\/\/zonaroja.com.mx\/index.php?rest_route=%2Fwp%2Fv2%2Ftags&post=71843"}],"curies":[{"name":"wp","href":"https:\/\/api.w.org\/{rel}","templated":true}]}}