{"id":71849,"date":"2024-08-28T08:26:00","date_gmt":"2024-08-28T14:26:00","guid":{"rendered":"https:\/\/zonaroja.com.mx\/?p=71849"},"modified":"2024-08-28T07:41:20","modified_gmt":"2024-08-28T13:41:20","slug":"ministros-de-la-corte-suspenden-sesion-en-apoyo-a-protesta-de-trabajadores","status":"publish","type":"post","link":"https:\/\/zonaroja.com.mx\/?p=71849","title":{"rendered":"Ministros de la Corte suspenden sesi\u00f3n en apoyo a protesta de trabajadores"},"content":{"rendered":"\n<p>Redacci\u00f3n\/Zona Roja Cdmx.<\/p>\n\n\n\n<p>Ciudad de M\u00e9xico, a 28 de agosto de 2024.- Los ministros de la Suprema Corte de Justicia de la Naci\u00f3n (SCJN) suspendieron ayer una sesi\u00f3n del M\u00e1ximo Tribunal, en apoyo a las protestas de los trabajadores del Poder Judicial en contra de la reforma promovida por el oficialismo para elegir a los juzgadores por voto popular.<\/p>\n\n\n\n<p>Al tiempo que empleados de la SCJN llevaron a cabo una protesta silenciosa dentro el recinto judicial para mostrar su rechazo a la reforma, los ministros se unieron a las manifestaciones al no celebrar una sesi\u00f3n programada para este mediod\u00eda.<\/p>\n\n\n\n<p>La ministra presidenta de la SCJN, Norma Pi\u00f1a, someti\u00f3 a votaci\u00f3n llevar a cabo la sesi\u00f3n \u201cdado la manifestaci\u00f3n con motivo de una solidaridad que los mismos trabajadores nos est\u00e1n solicitando o tambi\u00e9n como una manifestaci\u00f3n de un paro\u201d.<br>\u201cComo una manifestaci\u00f3n de apoyo y solidaridad con el Poder Judicial de la Federaci\u00f3n, pero seguimos trabajando\u201d, puntualiz\u00f3 Pi\u00f1a.<\/p>\n\n\n\n<p>A favor de la propuesta, votaron ocho ministros, incluida Pi\u00f1a, junto con Margarita R\u00edos Farjat, Alberto P\u00e9rez Day\u00e1n, Juan Luis Gonz\u00e1lez Alc\u00e1ntara Carranc\u00e1, Luis Mar\u00eda Aguilar Morales, Alfredo Guti\u00e9rrez Ortiz Mena, Jorge Mario Pardo Rebolledo y Javier Laynez Potisek.<\/p>\n\n\n\n<p>n contra, se manifestaron las ministras Yasm\u00edn Esquivel y Loretta Ortiz Ahlf; mientras que la ministra Lenia Batres particip\u00f3 virtualmente, por lo que no pudo votar.<\/p>\n\n\n\n<p>R\u00edos Farjat atribuy\u00f3 su voto al \u201crespeto a los compa\u00f1eros que trabajan en la Suprema Corte de Justicia de la Naci\u00f3n\u201c.<\/p>\n\n\n\n<p>\u201cQue no nada m\u00e1s somos nosotros, nos sumar\u00edamos a que sean escuchados, a su petici\u00f3n de que sean escuchados\u201d, coment\u00f3.<\/p>\n\n\n\n<p>Momentos despu\u00e9s, los ministros caminaron por los pasillos del edificio de la Corte, donde trabajadores sosten\u00edan pancartas en rechazo a la reforma judicial que desde este lunes se discute en el Congreso.<\/p>\n\n\n\n<p>El oficialismo prev\u00e9 votar la reforma en el pleno en septiembre, cuando tendr\u00e1 los dos tercios del Congreso, necesarios para modificar la Constituci\u00f3n, tras las elecciones del 2 de junio.<\/p>\n\n\n\n<p>De aprobarse la reforma, los mexicanos ir\u00edan a las urnas a partir de 2025 para elegir a jueces, magistrados y a los ministros de la Suprema Corte.<\/p>\n\n\n\n<p>La pol\u00e9mica reforma al Poder Judicial en M\u00e9xico ha derivado en preocupaciones de diversos organismos e instituciones por los efectos que tendr\u00e1 la misma en aspectos pol\u00edticos, econ\u00f3micos y sociales del pa\u00eds.<\/p>\n\n\n\n<p>Este lunes, la relatora especial de la ONU para la independencia de jueces y abogados, Margaret Satterthwaite, insisti\u00f3 en la preocupaci\u00f3n por las \u201camplias\u201d implicaciones para la independencia judicial en todo M\u00e9xico.<\/p>\n\n\n\n<p>Asimismo, Estados Unidos y Canad\u00e1 han advertido de las preocupaciones de los inversionistas por esta y otras reformas del Gobierno, como la eliminaci\u00f3n de \u00f3rganos reguladores aut\u00f3nomos.<\/p>\n\n\n\n<p>Adem\u00e1s, calificadoras como Fitch y entidades como CitiBanamex o Morgan Stanley han alertado tambi\u00e9n sobre el riesgo de aprobar las reformas propuestas por el presidente, en particular la del Poder Judicial.<\/p>\n\n\n\n<p>(Con informaci\u00f3n de EFE, en L\u00f3pez-D\u00f3riga Digital)<\/p>\n","protected":false},"excerpt":{"rendered":"<p>Redacci\u00f3n\/Zona Roja Cdmx. Ciudad de M\u00e9xico, a 28 de agosto de 2024.- Los ministros de&hellip;<\/p>\n","protected":false},"author":2,"featured_media":71850,"comment_status":"closed","ping_status":"open","sticky":false,"template":"","format":"standard","meta":{"_lmt_disableupdate":"","_lmt_disable":"","_jetpack_memberships_contains_paid_content":false,"footnotes":""},"categories":[109,47],"tags":[4033],"class_list":["post-71849","post","type-post","status-publish","format-standard","has-post-thumbnail","hentry","category-minuto-a-minuto","category-zona-gris","tag-paro-poder-judicial-de-la-federacion"],"jetpack_featured_media_url":"https:\/\/zonaroja.com.mx\/wp-content\/uploads\/2024\/08\/Paro-Poder-Judicial-Suprema-Corte.jpeg","jetpack_sharing_enabled":true,"_links":{"self":[{"href":"https:\/\/zonaroja.com.mx\/index.php?rest_route=\/wp\/v2\/posts\/71849","targetHints":{"allow":["GET"]}}],"collection":[{"href":"https:\/\/zonaroja.com.mx\/index.php?rest_route=\/wp\/v2\/posts"}],"about":[{"href":"https:\/\/zonaroja.com.mx\/index.php?rest_route=\/wp\/v2\/types\/post"}],"author":[{"embeddable":true,"href":"https:\/\/zonaroja.com.mx\/index.php?rest_route=\/wp\/v2\/users\/2"}],"replies":[{"embeddable":true,"href":"https:\/\/zonaroja.com.mx\/index.php?rest_route=%2Fwp%2Fv2%2Fcomments&post=71849"}],"version-history":[{"count":1,"href":"https:\/\/zonaroja.com.mx\/index.php?rest_route=\/wp\/v2\/posts\/71849\/revisions"}],"predecessor-version":[{"id":71851,"href":"https:\/\/zonaroja.com.mx\/index.php?rest_route=\/wp\/v2\/posts\/71849\/revisions\/71851"}],"wp:featuredmedia":[{"embeddable":true,"href":"https:\/\/zonaroja.com.mx\/index.php?rest_route=\/wp\/v2\/media\/71850"}],"wp:attachment":[{"href":"https:\/\/zonaroja.com.mx\/index.php?rest_route=%2Fwp%2Fv2%2Fmedia&parent=71849"}],"wp:term":[{"taxonomy":"category","embeddable":true,"href":"https:\/\/zonaroja.com.mx\/index.php?rest_route=%2Fwp%2Fv2%2Fcategories&post=71849"},{"taxonomy":"post_tag","embeddable":true,"href":"https:\/\/zonaroja.com.mx\/index.php?rest_route=%2Fwp%2Fv2%2Ftags&post=71849"}],"curies":[{"name":"wp","href":"https:\/\/api.w.org\/{rel}","templated":true}]}}