{"id":71852,"date":"2024-08-28T09:20:00","date_gmt":"2024-08-28T15:20:00","guid":{"rendered":"https:\/\/zonaroja.com.mx\/?p=71852"},"modified":"2024-08-28T08:00:04","modified_gmt":"2024-08-28T14:00:04","slug":"destinan-en-oaxaca-1880-mdp-a-programas-sociales","status":"publish","type":"post","link":"https:\/\/zonaroja.com.mx\/?p=71852","title":{"rendered":"Destinan en Oaxaca 1,880 mdp a programas sociales"},"content":{"rendered":"\n<p>Redacci\u00f3n\/Zona Roja.<\/p>\n\n\n\n<p>Oaxaca de Ju\u00e1rez, Oax., a 28 de agosto de 2024.- El gobernador Salom\u00f3n Jara Cruz dio a conocer que con una inversi\u00f3n de mil 880 millones de pesos se han impulsado programas sociales y obras que benefician a toda la entidad.<\/p>\n\n\n\n<p>En conferencia de prensa, el expres\u00f3 que con ello se salda la deuda hist\u00f3rica con los pueblos, se reduce la desigualdad, genera bienestar y disminuye la pobreza que ha aquejado al territorio oaxaque\u00f1o.<\/p>\n\n\n\n<p>\u201cLas pol\u00edticas de Bienestar y los programas sociales son el coraz\u00f3n de la Primavera Oaxaque\u00f1a. Por el bien de todos, primero los pobres\u201d, expres\u00f3.<\/p>\n\n\n\n<p>En este contexto, se inform\u00f3 que el Instituto de Planeaci\u00f3n para el Bienestar (Inplan) tiene registrado a 100 localidades del estado como Municipios Territorios Bienestar en los que se invirtieron, en 2023, un monto de 2 mil 189 millones 671 mil 366 pesos. Tambi\u00e9n, elabor\u00f3 40 planes municipales de ordenamiento territorial y 40 planes municipales de Atlas de Riesgos.<\/p>\n\n\n\n<p>A trav\u00e9s de la Secretar\u00eda de Bienestar, Tequio e Inclusi\u00f3n (Sebienti), con una inversi\u00f3n de 73. 6 millones de pesos, las Farmacias Bienestar atienden a 59 mil 990 personas beneficiarias de 162 municipios, a trav\u00e9s de 11 sedes en todo el estado, con servicios que ser\u00e1n ampliados pr\u00f3ximamente.<\/p>\n\n\n\n<p>Con la Tarjeta Margarita Maza se destina 210 millones de pesos para apoyar a 16 mil 625 jefas de familia en 488 municipios.&nbsp;<\/p>\n\n\n\n<p>Mediante la subsecretar\u00eda de Tequio e Inclusi\u00f3n para el Bienestar de la Sebienti se organizaron 106 Tequios Bienestar en los rubros de Reforestaci\u00f3n, Fachadas Bienestar, Literarios y por la Seguridad. En pr\u00f3ximos d\u00edas habr\u00e1 un Mega Tequio de alfabetizaci\u00f3n, la segunda etapa de reforestaci\u00f3n en el pol\u00edgono de Monte Alb\u00e1n y uno m\u00e1s de Fachadas Bienestar.<\/p>\n\n\n\n<p>Para atender a las juventudes, el programa Mi Primera Chamba, Experiencia que Transforma, ha beneficiado a la fecha a 3 mil 438 personas, en su mayor\u00eda mujeres, con una inversi\u00f3n de 313 millones 544 mil 600 pesos en las ocho regiones.<\/p>\n\n\n\n<p>INTERNET PARA TODOS<\/p>\n\n\n\n<p>En otro acto efectuado en el Palacio de Gobierno, el gobernador Salom\u00f3n Jara dio a conocer que con una inversi\u00f3n de 18.8 millones de pesos, dar\u00e1 inicio el Programa Internet Todos, el cual beneficiar\u00e1 a m\u00e1s 102 mil personas habitantes de las ocho regiones con mayor conectividad, para fomentar el desarrollo tecnol\u00f3gico y el acceso a la informaci\u00f3n.<\/p>\n\n\n\n<p>El titular del Poder Ejecutivo resalt\u00f3 que esta iniciativa deriva del convenio establecido con la Comisi\u00f3n Federal de Electricidad (CFE), que permitir\u00e1 en una primera etapa instalar 296 puntos de conexi\u00f3n satelital web de acceso gratuito, especialmente en las comunidades rurales de la entidad.<\/p>\n\n\n\n<p>Al realizar la entrega simb\u00f3lica de tres equipos de internet destinados a planteles educativos de nivel medio superior, Jara Cruz se\u00f1al\u00f3 que con ello se beneficiar\u00e1n principalmente a las las juventudes y alumnado, pues el acceso a la web es una necesidad fundamental para su desarrollo en el \u00e1mbito social, educativo e informativo.<\/p>\n\n\n\n<p>Indic\u00f3 que este es un gran paso en el proceso de digitalizaci\u00f3n y conectividad, para brindar internet gratuito a las escuelas de nivel medio superior y superior de la entidad, y en un futuro proporcionar este servicio a estudiantes de primaria como parte de la pol\u00edtica educativa encaminada a un Nuevo Pacto Social.<\/p>\n\n\n\n<p>Tambi\u00e9n se buscar\u00e1 beneficiar a los servicios de salud, asimismo se ampliar\u00e1 la capacidad operativa de casas de cultura y municipios.<\/p>\n","protected":false},"excerpt":{"rendered":"<p>Redacci\u00f3n\/Zona Roja. Oaxaca de Ju\u00e1rez, Oax., a 28 de agosto de 2024.- El gobernador Salom\u00f3n&hellip;<\/p>\n","protected":false},"author":2,"featured_media":71853,"comment_status":"closed","ping_status":"open","sticky":false,"template":"","format":"standard","meta":{"_lmt_disableupdate":"","_lmt_disable":"","_jetpack_memberships_contains_paid_content":false,"footnotes":""},"categories":[456,109],"tags":[939],"class_list":["post-71852","post","type-post","status-publish","format-standard","has-post-thumbnail","hentry","category-columna","category-minuto-a-minuto","tag-salomon-jara-cruz"],"jetpack_featured_media_url":"https:\/\/zonaroja.com.mx\/wp-content\/uploads\/2024\/08\/Presentan-avances-y-resultados-de-la-Primavera-Oaxaquena-1.jpeg","jetpack_sharing_enabled":true,"_links":{"self":[{"href":"https:\/\/zonaroja.com.mx\/index.php?rest_route=\/wp\/v2\/posts\/71852","targetHints":{"allow":["GET"]}}],"collection":[{"href":"https:\/\/zonaroja.com.mx\/index.php?rest_route=\/wp\/v2\/posts"}],"about":[{"href":"https:\/\/zonaroja.com.mx\/index.php?rest_route=\/wp\/v2\/types\/post"}],"author":[{"embeddable":true,"href":"https:\/\/zonaroja.com.mx\/index.php?rest_route=\/wp\/v2\/users\/2"}],"replies":[{"embeddable":true,"href":"https:\/\/zonaroja.com.mx\/index.php?rest_route=%2Fwp%2Fv2%2Fcomments&post=71852"}],"version-history":[{"count":1,"href":"https:\/\/zonaroja.com.mx\/index.php?rest_route=\/wp\/v2\/posts\/71852\/revisions"}],"predecessor-version":[{"id":71854,"href":"https:\/\/zonaroja.com.mx\/index.php?rest_route=\/wp\/v2\/posts\/71852\/revisions\/71854"}],"wp:featuredmedia":[{"embeddable":true,"href":"https:\/\/zonaroja.com.mx\/index.php?rest_route=\/wp\/v2\/media\/71853"}],"wp:attachment":[{"href":"https:\/\/zonaroja.com.mx\/index.php?rest_route=%2Fwp%2Fv2%2Fmedia&parent=71852"}],"wp:term":[{"taxonomy":"category","embeddable":true,"href":"https:\/\/zonaroja.com.mx\/index.php?rest_route=%2Fwp%2Fv2%2Fcategories&post=71852"},{"taxonomy":"post_tag","embeddable":true,"href":"https:\/\/zonaroja.com.mx\/index.php?rest_route=%2Fwp%2Fv2%2Ftags&post=71852"}],"curies":[{"name":"wp","href":"https:\/\/api.w.org\/{rel}","templated":true}]}}