{"id":71855,"date":"2024-08-28T13:03:00","date_gmt":"2024-08-28T19:03:00","guid":{"rendered":"https:\/\/zonaroja.com.mx\/?p=71855"},"modified":"2024-08-28T08:06:26","modified_gmt":"2024-08-28T14:06:26","slug":"muere-mexicano-que-llego-a-luchar-por-ucrania-contra-rusia","status":"publish","type":"post","link":"https:\/\/zonaroja.com.mx\/?p=71855","title":{"rendered":"Muere mexicano que lleg\u00f3 a luchar por Ucrania contra Rusia"},"content":{"rendered":"\n<p>Redacci\u00f3n\/Zona Roja Cdmx.<\/p>\n\n\n\n<p>Ciudad de M\u00e9xico, a 28 de agosto de 2024.- Originario de Guanajuato, Carlos Mendoza, quien lleg\u00f3 a Ucrania apenas en julio pasado para enrolarse en la llamada Legi\u00f3n Internacional del ej\u00e9rcito ucranio, es el primer mexicano en morir, poco despu\u00e9s de cumplir 20 a\u00f1os de edad, en los campos de batalla del vecino pa\u00eds eslavo.<\/p>\n\n\n\n<p>Se supo de su muerte al identificarlo, el lunes anterior, TrackANaziMerc, canal de Telegram presumiblemente ligado a la inteligencia militar rusa, que se dedica a encontrar \u201cmercenarios nazis\u201d en lo que llama la zona de la \u201coperaci\u00f3n militar especial\u201d.<\/p>\n\n\n\n<p>Ese canal, al informar que Mendoza muri\u00f3 por \u201cel fuego de la artiller\u00eda rusa\u201d, public\u00f3 una foto suya con uniforme de camuflaje ucranio que extrajo de sus redes sociales el d\u00eda de su cumplea\u00f1os 20.<\/p>\n\n\n\n<p>Afirma tambi\u00e9n que Mendoza sol\u00eda presentarse como \u201cun asesino experimentado\u201d y, citando sin m\u00e1s \u201cunos mexicanos\u201d, asegura que sirvi\u00f3 \u201cmenos de un a\u00f1o en la Guardia Nacional\u201d de M\u00e9xico.<\/p>\n\n\n\n<p>El \u00fanico medio ruso que se hizo eco de la noticia, el semanario Argumenty i Fakty, que empez\u00f3 a circular ayer, sac\u00f3 la conclusi\u00f3n de que su familia lo apoy\u00f3 en su deseo de ir a Ucrania a combatir al mencionar que una mujer, aparentemente su madre o una hermana, puso un \u201cme gusta\u201d en la imagen en las redes sociales de Mendoza.<\/p>\n\n\n\n<p>En Kiev, donde los extranjeros que sirven en la Legi\u00f3n Internacional son \u201cvoluntarios\u201d que \u201ccomo todo militar cobran un salario\u201d, tambi\u00e9n se dio a conocer la muerte de Mendoza, pero desde otro \u00e1ngulo.<\/p>\n\n\n\n<p>A trav\u00e9s de un mensaje ayer en la red social X, Gia Santos se refiere a Mendoza como \u201cun joven soldado voluntario que dio su vida por la lucha de Ucrania por la libertad. Que su sacrificio sea por siempre recordado\u201d.<\/p>\n\n\n\n<p>Santos \u2013periodista y colaboradora en la cuenta de Muck Rack sobre La Guerra Rusia-Ucrania, as\u00ed como en UkraineToday, Sons of Liberty International-Ukraine y Pirate Wire Services, que critican la \u201cinvasi\u00f3n rusa\u201d a Ucrania\u2013 public\u00f3 una foto muy distinta de Mendoza, rodeado de flores y banderines ucranios, en una suerte de memorial de \u201csoldados ca\u00eddos\u201d como hay tantos en las ciudades de Ucrania.<\/p>\n\n\n\n<p>Mendoza es el primer combatiente mexicano que muere en la guerra de Ucrania, pero no el \u00fanico que, seg\u00fan el sitio ruso Cr\u00f3nica de la Geopol\u00edtica, se inscribi\u00f3 en la Legi\u00f3n Internacional del ej\u00e9rcito ucranio.<\/p>\n\n\n\n<p>Cr\u00f3nica\u2026 asegura que, desde febrero de 2022, al menos 16 mexicanos han podido ser identificados como \u201cmercenarios\u201d, pero dice que son pocos en comparaci\u00f3n con los colombianos (373) o estadunidenses (720).<\/p>\n\n\n\n<p>Entre los mexicanos que encontr\u00f3 en las redes sociales relata los casos de Pedro Liazaola, ex militar que supuestamente trabaj\u00f3 en la Sedena, que lleg\u00f3 a Ucrania en el verano de 2022 y sirve como traductor en el cuartel de la Legi\u00f3n en J\u00e1rkov, y de Enrique Rodr\u00edguez Le\u00f3n, que se incorpor\u00f3 a la Legi\u00f3n en mayo de 2022 en calidad de param\u00e9dico y ahora, dice, es un \u201cmercenario m\u00e1s, soldado de infanter\u00eda\u201d.<\/p>\n\n\n\n<p>(Informaci\u00f3n de Juan Pablo Duch en \u201cLa Jornada\u201d)<\/p>\n","protected":false},"excerpt":{"rendered":"<p>Redacci\u00f3n\/Zona Roja Cdmx. Ciudad de M\u00e9xico, a 28 de agosto de 2024.- Originario de Guanajuato,&hellip;<\/p>\n","protected":false},"author":2,"featured_media":71856,"comment_status":"closed","ping_status":"open","sticky":false,"template":"","format":"standard","meta":{"_lmt_disableupdate":"","_lmt_disable":"","_jetpack_memberships_contains_paid_content":false,"footnotes":""},"categories":[109,47],"tags":[3025],"class_list":["post-71855","post","type-post","status-publish","format-standard","has-post-thumbnail","hentry","category-minuto-a-minuto","category-zona-gris","tag-conflicto-ucrania-rusia"],"jetpack_featured_media_url":"https:\/\/zonaroja.com.mx\/wp-content\/uploads\/2024\/08\/Mexicano-en-Ucrania.jpg","jetpack_sharing_enabled":true,"_links":{"self":[{"href":"https:\/\/zonaroja.com.mx\/index.php?rest_route=\/wp\/v2\/posts\/71855","targetHints":{"allow":["GET"]}}],"collection":[{"href":"https:\/\/zonaroja.com.mx\/index.php?rest_route=\/wp\/v2\/posts"}],"about":[{"href":"https:\/\/zonaroja.com.mx\/index.php?rest_route=\/wp\/v2\/types\/post"}],"author":[{"embeddable":true,"href":"https:\/\/zonaroja.com.mx\/index.php?rest_route=\/wp\/v2\/users\/2"}],"replies":[{"embeddable":true,"href":"https:\/\/zonaroja.com.mx\/index.php?rest_route=%2Fwp%2Fv2%2Fcomments&post=71855"}],"version-history":[{"count":1,"href":"https:\/\/zonaroja.com.mx\/index.php?rest_route=\/wp\/v2\/posts\/71855\/revisions"}],"predecessor-version":[{"id":71857,"href":"https:\/\/zonaroja.com.mx\/index.php?rest_route=\/wp\/v2\/posts\/71855\/revisions\/71857"}],"wp:featuredmedia":[{"embeddable":true,"href":"https:\/\/zonaroja.com.mx\/index.php?rest_route=\/wp\/v2\/media\/71856"}],"wp:attachment":[{"href":"https:\/\/zonaroja.com.mx\/index.php?rest_route=%2Fwp%2Fv2%2Fmedia&parent=71855"}],"wp:term":[{"taxonomy":"category","embeddable":true,"href":"https:\/\/zonaroja.com.mx\/index.php?rest_route=%2Fwp%2Fv2%2Fcategories&post=71855"},{"taxonomy":"post_tag","embeddable":true,"href":"https:\/\/zonaroja.com.mx\/index.php?rest_route=%2Fwp%2Fv2%2Ftags&post=71855"}],"curies":[{"name":"wp","href":"https:\/\/api.w.org\/{rel}","templated":true}]}}