{"id":71861,"date":"2024-08-28T14:13:00","date_gmt":"2024-08-28T20:13:00","guid":{"rendered":"https:\/\/zonaroja.com.mx\/?p=71861"},"modified":"2024-08-28T17:24:04","modified_gmt":"2024-08-28T23:24:04","slug":"en-12-anos-asesinan-en-mexico-a-2388-menores-de-edad","status":"publish","type":"post","link":"https:\/\/zonaroja.com.mx\/?p=71861","title":{"rendered":"En 12 a\u00f1os, asesinan en M\u00e9xico a 2,388 menores de edad"},"content":{"rendered":"\n<p>Redacci\u00f3n\/Zona Roja Cdmx.<\/p>\n\n\n\n<p>Ciudad de M\u00e9xico, a 28 de agosto de 2024.- Unos 2 mil 388 menores de 6 a\u00f1os fueron asesinados entre 2010 y 2022 en M\u00e9xico, de acuerdo con el Inegi.<\/p>\n\n\n\n<p>Ante ello, el Pacto por la Primera Infancia exige tomar medidas para proteger a los ni\u00f1os y ni\u00f1as de todo tipo de violencia.<\/p>\n\n\n\n<p>\u201cEs una tragedia que no podemos seguir ignorando. La acci\u00f3n del Estado es urgente e impostergable\u201d, sentenci\u00f3.<\/p>\n\n\n\n<p>Datos de la Encuesta Nacional de Salud y Nutrici\u00f3n arrojaron, en 2021 que a nivel nacional 5 de cada 10 menores de cinco a\u00f1os fueron sometidos a m\u00e9todos de disciplina violenta.<\/p>\n\n\n\n<p>El Pacto por la Primera Infancia sostiene que la ni\u00f1ez es un periodo de especial sensibilidad, riesgo y oportunidad debido a la dependencia de sus cuidadores y su limitada capacidad para buscar ayuda fuera del hogar.<\/p>\n\n\n\n<p>\u201cHemos insistido en la importancia de impulsar pol\u00edticas p\u00fablicas de cuidado sensible y cari\u00f1oso hacia la primera infancia, ya que se deben afianzar los beneficios de las intervenciones tempranas para reducir los efectos negativos de los riesgos.\u201d<\/p>\n\n\n\n<p>En este sentido, recuerdan las 12 metas impulsadas para asegurar los derechos de la primera infancia, entre las cuales dos se vinculan con su seguridad y protecci\u00f3n.<\/p>\n\n\n\n<p>La meta 9 pide alcanzar al 30 por ciento de las familias con menores de 6 a\u00f1os, con programas de habilidades parentales para una crianza cari\u00f1osa y sensible.<\/p>\n\n\n\n<p>Mientras que la meta 11 refiere a disminuir en 20 por ciento el uso de m\u00e9todos violentos de disciplina y en 50 por ciento la violencia sexual y los casos de desapariciones de menores de 6 a\u00f1os.<\/p>\n\n\n\n<p>Se pide adem\u00e1s, promover un cambio cultural donde se reconozca a los ni\u00f1os como sujetos de derechos y desnaturalizar la crianza violenta mediante la promoci\u00f3n de nuevas normas sociales y visiones sobre las ni\u00f1as y los ni\u00f1os.<\/p>\n\n\n\n<p>Tambi\u00e9n, impulsar campa\u00f1as de sensibilizaci\u00f3n sobre la importancia de los primeros a\u00f1os de vida y los beneficios de una crianza respetuosa, positiva, cari\u00f1osa y sensible.<\/p>\n\n\n\n<p>Implementar programas para el desarrollo de competencias parentales (visitas domiciliarias, talleres de manejo del estr\u00e9s y t\u00e9cnicas de disciplina positiva, sesiones entre pares, escuela para padres, consejer\u00eda especializada). Aprovechar la infraestructura existente (programas de apoyo alimentario, servicios de salud, educaci\u00f3n preescolar, centros de atenci\u00f3n infantil, etc.) para escalarlos de manera r\u00e1pida y con bajos costos.<\/p>\n\n\n\n<p>Ingresar a las familias a estos programas desde el momento en que entran en contacto con el servicio p\u00fablico, y monitorear su cobertura permanentemente.<\/p>\n\n\n\n<p>Implementar mecanismos de detecci\u00f3n temprana de factores de riesgo en familias que cr\u00edan a ni\u00f1as y ni\u00f1os menores de 6 a\u00f1os; dibujar una ruta integral de atenciones que mitigue riesgos otorgando factores protectores, y dar un seguimiento individualizado a los casos para prevenir que una tragedia como esta vuelva a ocurrir.<\/p>\n\n\n\n<p>Impartir permanentemente talleres de sensibilizaci\u00f3n, prevenci\u00f3n, detecci\u00f3n y atenci\u00f3n de casos de violencia y abuso sexual para madres, padres, tutores, cuidadores, trabajadores sociales, personal de salud y docentes, adaptados a diferentes niveles de educaci\u00f3n y a las necesidades de la comunidad.<\/p>\n\n\n\n<p>Desarrollar en los servidores p\u00fablicos de instituciones que trabajan con ni\u00f1as y ni\u00f1os de primera infancia las competencias necesarias para crear espacios de seguridad que permitan la conexi\u00f3n emocional positiva y apoyen su desarrollo y bienestar.<\/p>\n\n\n\n<p>Difundir masivamente informaci\u00f3n sobre la prohibici\u00f3n legal del castigo f\u00edsico, degradante y humillante.<\/p>\n\n\n\n<p>Difundir masivamente y por medios al alcance de las ni\u00f1as y ni\u00f1os los mecanismos y recursos de protecci\u00f3n para v\u00edctimas de violencia, como la l\u00ednea 911.<\/p>\n\n\n\n<p>Revisar la legislaci\u00f3n en materia de violencia sexual contra ni\u00f1as, ni\u00f1os y adolescentes.<\/p>\n\n\n\n<p>Fortalecer y difundir los protocolos de detecci\u00f3n y atenci\u00f3n de indicios de violencia en estancias, escuelas y en el hogar.<\/p>\n\n\n\n<p>(Con informaci\u00f3n de L\u00f3pez-D\u00f3riga Digital)<\/p>\n","protected":false},"excerpt":{"rendered":"<p>Redacci\u00f3n\/Zona Roja Cdmx. Ciudad de M\u00e9xico, a 28 de agosto de 2024.- Unos 2 mil&hellip;<\/p>\n","protected":false},"author":2,"featured_media":68772,"comment_status":"closed","ping_status":"open","sticky":false,"template":"","format":"standard","meta":{"_lmt_disableupdate":"","_lmt_disable":"","_jetpack_memberships_contains_paid_content":false,"footnotes":""},"categories":[109,47],"tags":[],"class_list":["post-71861","post","type-post","status-publish","format-standard","has-post-thumbnail","hentry","category-minuto-a-minuto","category-zona-gris"],"jetpack_featured_media_url":"https:\/\/zonaroja.com.mx\/wp-content\/uploads\/2024\/05\/Matan-a-menor-de-edad.jpeg","jetpack_sharing_enabled":true,"_links":{"self":[{"href":"https:\/\/zonaroja.com.mx\/index.php?rest_route=\/wp\/v2\/posts\/71861","targetHints":{"allow":["GET"]}}],"collection":[{"href":"https:\/\/zonaroja.com.mx\/index.php?rest_route=\/wp\/v2\/posts"}],"about":[{"href":"https:\/\/zonaroja.com.mx\/index.php?rest_route=\/wp\/v2\/types\/post"}],"author":[{"embeddable":true,"href":"https:\/\/zonaroja.com.mx\/index.php?rest_route=\/wp\/v2\/users\/2"}],"replies":[{"embeddable":true,"href":"https:\/\/zonaroja.com.mx\/index.php?rest_route=%2Fwp%2Fv2%2Fcomments&post=71861"}],"version-history":[{"count":2,"href":"https:\/\/zonaroja.com.mx\/index.php?rest_route=\/wp\/v2\/posts\/71861\/revisions"}],"predecessor-version":[{"id":71870,"href":"https:\/\/zonaroja.com.mx\/index.php?rest_route=\/wp\/v2\/posts\/71861\/revisions\/71870"}],"wp:featuredmedia":[{"embeddable":true,"href":"https:\/\/zonaroja.com.mx\/index.php?rest_route=\/wp\/v2\/media\/68772"}],"wp:attachment":[{"href":"https:\/\/zonaroja.com.mx\/index.php?rest_route=%2Fwp%2Fv2%2Fmedia&parent=71861"}],"wp:term":[{"taxonomy":"category","embeddable":true,"href":"https:\/\/zonaroja.com.mx\/index.php?rest_route=%2Fwp%2Fv2%2Fcategories&post=71861"},{"taxonomy":"post_tag","embeddable":true,"href":"https:\/\/zonaroja.com.mx\/index.php?rest_route=%2Fwp%2Fv2%2Ftags&post=71861"}],"curies":[{"name":"wp","href":"https:\/\/api.w.org\/{rel}","templated":true}]}}