{"id":71863,"date":"2024-08-28T10:15:00","date_gmt":"2024-08-28T16:15:00","guid":{"rendered":"https:\/\/zonaroja.com.mx\/?p=71863"},"modified":"2024-08-28T08:19:15","modified_gmt":"2024-08-28T14:19:15","slug":"sheinbaum-se-une-a-lopez-obrador-en-pausa-de-relaciones-con-eu-y-canada","status":"publish","type":"post","link":"https:\/\/zonaroja.com.mx\/?p=71863","title":{"rendered":"Sheinbaum se une a L\u00f3pez Obrador en pausa de relaciones con EU y Canad\u00e1"},"content":{"rendered":"\n<p>Redacci\u00f3n\/Zona Roja Cdmx.<\/p>\n\n\n\n<p>Ciudad de M\u00e9xico, a 28 de agosto de 2024.- La mandataria electa, Claudia Sheinbaum Pardo, respald\u00f3 la decisi\u00f3n del presidente Andr\u00e9s Manuel L\u00f3pez Obrador de poner en pausa las relaciones con los embajadores de Estados Unidos y Canad\u00e1 en M\u00e9xico, frente \u201cal agravio que cometieron\u201d, con sus declaraciones sobre la inviabilidad de la elecci\u00f3n de jueces, magistrados y ministros. Afirm\u00f3 que la decisi\u00f3n del Ejecutivo federal \u201cno cambia las relaciones\u201d con ambos gobiernos. Se mantiene el di\u00e1logo, expres\u00f3.<\/p>\n\n\n\n<p>Manifest\u00f3 que los diplom\u00e1ticos deben respetar que hay temas que corresponden s\u00f3lo a los mexicanos, y precis\u00f3 que depender\u00e1 de lo que ocurra en las siguientes semanas para que ella defina en torno a este tema, una vez que asuma la Presidencia de la Rep\u00fablica.<\/p>\n\n\n\n<p>Por lo pronto, manifest\u00f3 que no tiene programada ninguna reuni\u00f3n con el embajador estadunidense, Ken Salazar.<\/p>\n\n\n\n<p>Con \u00e9l, record\u00f3, \u201ctuvimos una reuni\u00f3n cuando vinieron legisladores (de ese pa\u00eds) y otra, cuando vino la responsable del tema de Seguridad del presidente (Joe) Biden\u201d.<\/p>\n\n\n\n<p>Insisti\u00f3 en que \u201chay muy buena relaci\u00f3n con Estados Unidos y con Canad\u00e1, somos socios comerciales. Hay di\u00e1logo, pero hay temas que le corresponden exclusivamente a los mexicanos y mexicanas decidir, como es el caso de la conformaci\u00f3n del Poder Judicial\u201d.<\/p>\n\n\n\n<p>Entonces, sostuvo, el Presidente constitucional \u201ctiene sus razones para tomar esta decisi\u00f3n y a nosotros nos corresponder\u00e1 a partir del primero de octubre, cuando entremos a la Presidencia de la Rep\u00fablica\u201d.<\/p>\n\n\n\n<p>Por supuesto, \u201cvamos a respaldar siempre al Presidente de la Rep\u00fablica y eso no quiere decir que cambien las relaciones con Estados Unidos y Canad\u00e1, pero s\u00ed es importante que las y los embajadores de estos pa\u00edses y de otros (reconozcan) que hay temas que le corresponden exclusivamente a los mexicanos y mexicanas, as\u00ed como nosotros somos respetuosos tambi\u00e9n de lo que le corresponde exclusivamente al pueblo estadunidense y al pueblo canadiense\u201d.<\/p>\n\n\n\n<p>A pregunta expresa, asegur\u00f3 que no tiene en mente pedir el retiro del embajador de Estados Unidos<\/p>\n\n\n\n<p>\u201cNo, nadie est\u00e1 planteando, de mi parte no lo estoy planteando, no\u201d.<\/p>\n\n\n\n<p>\u2013\u00bfMantendr\u00e1 la decisi\u00f3n de poner en pausa la relaci\u00f3n con el embajador Salazar?<\/p>\n\n\n\n<p>\u2013Vamos a ver qu\u00e9 pasa en esta semana, no tenemos por qu\u00e9 adelantarnos \u2013respondi\u00f3 Sheinbaum.<\/p>\n\n\n\n<p>\u201cLo importante es que hubo un posicionamiento por parte de los embajadores de Estados Unidos y de Canad\u00e1 y nuestra funci\u00f3n como Poder Ejecutivo y tambi\u00e9n de los legisladores es defender nuestra soberan\u00eda\u201d.<\/p>\n\n\n\n<p>(Informaci\u00f3n de \u201cLa Jornada\u201d)<\/p>\n","protected":false},"excerpt":{"rendered":"<p>Redacci\u00f3n\/Zona Roja Cdmx. Ciudad de M\u00e9xico, a 28 de agosto de 2024.- La mandataria electa,&hellip;<\/p>\n","protected":false},"author":2,"featured_media":69282,"comment_status":"closed","ping_status":"open","sticky":false,"template":"","format":"standard","meta":{"_lmt_disableupdate":"","_lmt_disable":"","_jetpack_memberships_contains_paid_content":false,"footnotes":""},"categories":[109,46],"tags":[3370],"class_list":["post-71863","post","type-post","status-publish","format-standard","has-post-thumbnail","hentry","category-minuto-a-minuto","category-zona-blanca","tag-claudia-sheinbaum"],"jetpack_featured_media_url":"https:\/\/zonaroja.com.mx\/wp-content\/uploads\/2024\/06\/Claudia-Sheinbaum-y-Lopez-Obrador.jpg","jetpack_sharing_enabled":true,"_links":{"self":[{"href":"https:\/\/zonaroja.com.mx\/index.php?rest_route=\/wp\/v2\/posts\/71863","targetHints":{"allow":["GET"]}}],"collection":[{"href":"https:\/\/zonaroja.com.mx\/index.php?rest_route=\/wp\/v2\/posts"}],"about":[{"href":"https:\/\/zonaroja.com.mx\/index.php?rest_route=\/wp\/v2\/types\/post"}],"author":[{"embeddable":true,"href":"https:\/\/zonaroja.com.mx\/index.php?rest_route=\/wp\/v2\/users\/2"}],"replies":[{"embeddable":true,"href":"https:\/\/zonaroja.com.mx\/index.php?rest_route=%2Fwp%2Fv2%2Fcomments&post=71863"}],"version-history":[{"count":1,"href":"https:\/\/zonaroja.com.mx\/index.php?rest_route=\/wp\/v2\/posts\/71863\/revisions"}],"predecessor-version":[{"id":71864,"href":"https:\/\/zonaroja.com.mx\/index.php?rest_route=\/wp\/v2\/posts\/71863\/revisions\/71864"}],"wp:featuredmedia":[{"embeddable":true,"href":"https:\/\/zonaroja.com.mx\/index.php?rest_route=\/wp\/v2\/media\/69282"}],"wp:attachment":[{"href":"https:\/\/zonaroja.com.mx\/index.php?rest_route=%2Fwp%2Fv2%2Fmedia&parent=71863"}],"wp:term":[{"taxonomy":"category","embeddable":true,"href":"https:\/\/zonaroja.com.mx\/index.php?rest_route=%2Fwp%2Fv2%2Fcategories&post=71863"},{"taxonomy":"post_tag","embeddable":true,"href":"https:\/\/zonaroja.com.mx\/index.php?rest_route=%2Fwp%2Fv2%2Ftags&post=71863"}],"curies":[{"name":"wp","href":"https:\/\/api.w.org\/{rel}","templated":true}]}}