{"id":71871,"date":"2024-08-28T18:31:35","date_gmt":"2024-08-29T00:31:35","guid":{"rendered":"https:\/\/zonaroja.com.mx\/?p=71871"},"modified":"2024-08-28T18:31:37","modified_gmt":"2024-08-29T00:31:37","slug":"imparable-violencia-en-el-istmo-matan-a-otros-dos-en-tehuantepec","status":"publish","type":"post","link":"https:\/\/zonaroja.com.mx\/?p=71871","title":{"rendered":"Imparable violencia en el Istmo: matan a otros dos en Tehuantepec"},"content":{"rendered":"\n<p>Ismael Garc\u00eda M.\/Zona Roja.<\/p>\n\n\n\n<p>Oaxaca de Ju\u00e1rez, Oax., a 28 de agosto de 2024.- Ante la pasividad de la corporaci\u00f3n policiaca municipal, este martes dos personas m\u00e1s perdieron la vida a causa de disparos de arma de fuego.<\/p>\n\n\n\n<p>Alrededor del mediod\u00eda en la calle 10 de Marzo del barrio Vixhana, un hombre fue atacado a balazos mientras transitaba en la zona y muri\u00f3 en el mismo momento a causa de la gravedad de las lesiones.<\/p>\n\n\n\n<p>La v\u00edctima fue identificada como Ren\u00e9 S. H., de unos 40 a\u00f1os de edad, y a\u00fan se desconoce qui\u00e9n o qui\u00e9nes no ultimaron; pese a las cercan\u00edas con el centro de dicho municipio, no hab\u00eda polic\u00edas en la zona para perseguir a los agresores.<\/p>\n\n\n\n<p>Por otra parte, en las primeras horas de este mi\u00e9rcoles se confirm\u00f3 la muerte de un individuo acribillado la tarde de ayer en la calle 30 de Abril de la colonia Jos\u00e9 L\u00f3pez Portillo de Tehuantepec.<\/p>\n\n\n\n<p>El hombre a\u00fan no identificado recibi\u00f3 varios impactos de arma de fuego, uno de ellos en la cabeza, por lo cual fue trasladado a un hospital, pero m\u00e1s tarde se confirm\u00f3 su deceso; en este caso, pese a que tambi\u00e9n fue a la luz del d\u00eda, no hay personas detenidas.<\/p>\n\n\n\n<p>La Vicefiscal\u00eda Regional del Istmo, dependiente de la Fiscal\u00eda General del Estado de Oaxaca, indaga los cr\u00edmenes, con la finalidad de dar con los responsables de estos recientes cr\u00edmenes.<\/p>\n","protected":false},"excerpt":{"rendered":"<p>Ismael Garc\u00eda M.\/Zona Roja. Oaxaca de Ju\u00e1rez, Oax., a 28 de agosto de 2024.- Ante&hellip;<\/p>\n","protected":false},"author":2,"featured_media":71872,"comment_status":"closed","ping_status":"open","sticky":false,"template":"","format":"standard","meta":{"_lmt_disableupdate":"","_lmt_disable":"","_jetpack_memberships_contains_paid_content":false,"footnotes":""},"categories":[109,51],"tags":[533],"class_list":["post-71871","post","type-post","status-publish","format-standard","has-post-thumbnail","hentry","category-minuto-a-minuto","category-zona-roja","tag-asesinado-en-tehuantepec"],"jetpack_featured_media_url":"https:\/\/zonaroja.com.mx\/wp-content\/uploads\/2024\/08\/Asesinado-en-Tehuantepec-Oaxaca.jpeg","jetpack_sharing_enabled":true,"_links":{"self":[{"href":"https:\/\/zonaroja.com.mx\/index.php?rest_route=\/wp\/v2\/posts\/71871","targetHints":{"allow":["GET"]}}],"collection":[{"href":"https:\/\/zonaroja.com.mx\/index.php?rest_route=\/wp\/v2\/posts"}],"about":[{"href":"https:\/\/zonaroja.com.mx\/index.php?rest_route=\/wp\/v2\/types\/post"}],"author":[{"embeddable":true,"href":"https:\/\/zonaroja.com.mx\/index.php?rest_route=\/wp\/v2\/users\/2"}],"replies":[{"embeddable":true,"href":"https:\/\/zonaroja.com.mx\/index.php?rest_route=%2Fwp%2Fv2%2Fcomments&post=71871"}],"version-history":[{"count":1,"href":"https:\/\/zonaroja.com.mx\/index.php?rest_route=\/wp\/v2\/posts\/71871\/revisions"}],"predecessor-version":[{"id":71873,"href":"https:\/\/zonaroja.com.mx\/index.php?rest_route=\/wp\/v2\/posts\/71871\/revisions\/71873"}],"wp:featuredmedia":[{"embeddable":true,"href":"https:\/\/zonaroja.com.mx\/index.php?rest_route=\/wp\/v2\/media\/71872"}],"wp:attachment":[{"href":"https:\/\/zonaroja.com.mx\/index.php?rest_route=%2Fwp%2Fv2%2Fmedia&parent=71871"}],"wp:term":[{"taxonomy":"category","embeddable":true,"href":"https:\/\/zonaroja.com.mx\/index.php?rest_route=%2Fwp%2Fv2%2Fcategories&post=71871"},{"taxonomy":"post_tag","embeddable":true,"href":"https:\/\/zonaroja.com.mx\/index.php?rest_route=%2Fwp%2Fv2%2Ftags&post=71871"}],"curies":[{"name":"wp","href":"https:\/\/api.w.org\/{rel}","templated":true}]}}