{"id":71874,"date":"2024-08-28T19:00:00","date_gmt":"2024-08-29T01:00:00","guid":{"rendered":"https:\/\/zonaroja.com.mx\/?p=71874"},"modified":"2024-08-28T18:40:25","modified_gmt":"2024-08-29T00:40:25","slug":"traicion-de-dos-perredistas-abona-a-morena-en-el-senado","status":"publish","type":"post","link":"https:\/\/zonaroja.com.mx\/?p=71874","title":{"rendered":"Traici\u00f3n de dos perredistas abona a Morena en el Senado"},"content":{"rendered":"\n<p>Redacci\u00f3n\/Zona Roja Cdmx.<\/p>\n\n\n\n<p>Ciudad de M\u00e9xico, a 28 de agosto de 2024.- Los senadores Araceli Saucedo y Jos\u00e9 Sabino, quienes fueron electos bajo las siglas del Partido de la Revoluci\u00f3n Democr\u00e1tica (PRD), arribaron este mi\u00e9rcoles a la plenaria de Morena para ser presentados como parte del grupo de legisladores de la 4T, con ello, la coalici\u00f3n \u201cSigamos Haciendo Historia\u201d se queda a un legislador de lograr la mayor\u00eda calificada y as\u00ed aprobar cualquier reforma constitucional sin freno de la oposici\u00f3n.<\/p>\n\n\n\n<p>Los senadores electos por el estado de Michoac\u00e1n y Tabasco, respectivamente, arribaron al hotel \u201cRoyal\u201d, ubicado al sur de la Ciudad de M\u00e9xico y, a diferencia de la mayor\u00eda de senadores morenistas que llegaron a la plenaria quienes ingresaron por la puerta principal, los ahora ex senadores electos perredistas ingresaron por el estacionamiento, alejados de los medios de comunicaci\u00f3n para evitar cuestionamientos.<\/p>\n\n\n\n<p>Araceli Saucedo y Jos\u00e9 Sabino fueron presentados ante el presidente nacional de Morena y posteriormente ante la presidenta electa, Claudia Sheinbaum en el sal\u00f3n \u201cJade\u201d, donde se desarrolla la reuni\u00f3n de senadores.<\/p>\n\n\n\n<p>En d\u00edas pasados Araceli Saucedo y Jos\u00e9 Sabino fueron cuestionados en el Senado de la Rep\u00fablica por su posible incorporaci\u00f3n a la bancada de Morena, sin embargo evitaron responder a la prensa y se retiraron de la cC\u00e1mara alta a bordo de sus veh\u00edculos.<\/p>\n\n\n\n<p>A su llegada a la plenaria de Morena, el senador Ad\u00e1n Augusto L\u00f3pez Hern\u00e1ndez fue cuestionado sobre la incorporaci\u00f3n de los dos perredistas, sin embargo, dijo que se estar\u00e1 trabajando en la construcci\u00f3n de acuerdos.<\/p>\n\n\n\n<p>Con estos dos perredistas, Morena y sus aliados tendr\u00e1n 85 legisladores, por lo que les falta uno para tener la mayor\u00eda calificada y poder aprobar cualquier reforma constitucional sin ayuda de la oposici\u00f3n.<\/p>\n\n\n\n<p>CONTRADICCIONES<\/p>\n\n\n\n<p>La presidenta electa, Claudia Sheinbaum, present\u00f3 este mi\u00e9rcoles a los senadores perredistas, Jos\u00e9 Sabino de Tabasco y Araceli Saucedo de Michoac\u00e1n a la bancada de Morena en la c\u00e1mara alta con lo cual, la fracci\u00f3n parlamentaria sum\u00f3 66 legisladores.<\/p>\n\n\n\n<p>En rueda de prensa, Sheinbaum asegur\u00f3 que los legisladores perredistas si bien ya tendr\u00e1n un espacio en la bancada morenista, para llegar a su presentaci\u00f3n y adhesi\u00f3n, hubo presiones, aunque no aclar\u00f3 de qu\u00e9 tipo.<\/p>\n\n\n\n<p>\u201cNo crean que no tuvieron presiones, s\u00ed tuvieron presiones; fue una decisi\u00f3n firme, de voluntad y de aplauso\u201d, dijo.<\/p>\n\n\n\n<p>Minutos m\u00e1s tarde, en entrevista por separado, Jos\u00e9 Sabino afirm\u00f3 que su adhesi\u00f3n al partido Morena fue por convicci\u00f3n y su ideolog\u00eda de izquierda, descart\u00f3 que haya habido presiones.<\/p>\n\n\n\n<p>\u201cNo hubo presiones de nada, yo no escuch\u00e9 (de Sheinbaum) que haya habido presiones, no hubo presi\u00f3n de nada, al contrario. Yo platiqu\u00e9 con quien ten\u00eda que platicar, con mi familia, con los aliados, con la estructura, yo no estoy forzado a nada\u201d, dijo.<\/p>\n\n\n\n<p>La senadora Araceli Saucedo tambi\u00e9n descart\u00f3 presiones para no sumarse a Morena y descart\u00f3 que haya existido un ofrecimiento del partido fundado por L\u00f3pez Obrador.<\/p>\n\n\n\n<p>\u201cEl \u00fanico ofrecimiento es que le vaya bien el pa\u00eds, que le vaya bien a M\u00e9xico, que le vaya bien a Michoac\u00e1n, el \u00fanico ofrecimiento que existe es el \u00fanico que nos ha llevado a que hoy estemos aqu\u00ed que es nuestra ideolog\u00eda de izquierda\u201d, resalt\u00f3.<\/p>\n\n\n\n<p>Ambos coincidieron en que se mantienen con su militancia en el PRD, pero adheridos a la bancada de Morena.<\/p>\n\n\n\n<p>(Informaci\u00f3n de \u201cExpansi\u00f3n Pol\u00edtica\u201d)<\/p>\n","protected":false},"excerpt":{"rendered":"<p>Redacci\u00f3n\/Zona Roja Cdmx. Ciudad de M\u00e9xico, a 28 de agosto de 2024.- Los senadores Araceli&hellip;<\/p>\n","protected":false},"author":2,"featured_media":71875,"comment_status":"closed","ping_status":"open","sticky":false,"template":"","format":"standard","meta":{"_lmt_disableupdate":"","_lmt_disable":"","_jetpack_memberships_contains_paid_content":false,"footnotes":""},"categories":[109,47],"tags":[],"class_list":["post-71874","post","type-post","status-publish","format-standard","has-post-thumbnail","hentry","category-minuto-a-minuto","category-zona-gris"],"jetpack_featured_media_url":"https:\/\/zonaroja.com.mx\/wp-content\/uploads\/2024\/08\/Perredistas-se-pasan-a-Morena-Senado.webp","jetpack_sharing_enabled":true,"_links":{"self":[{"href":"https:\/\/zonaroja.com.mx\/index.php?rest_route=\/wp\/v2\/posts\/71874","targetHints":{"allow":["GET"]}}],"collection":[{"href":"https:\/\/zonaroja.com.mx\/index.php?rest_route=\/wp\/v2\/posts"}],"about":[{"href":"https:\/\/zonaroja.com.mx\/index.php?rest_route=\/wp\/v2\/types\/post"}],"author":[{"embeddable":true,"href":"https:\/\/zonaroja.com.mx\/index.php?rest_route=\/wp\/v2\/users\/2"}],"replies":[{"embeddable":true,"href":"https:\/\/zonaroja.com.mx\/index.php?rest_route=%2Fwp%2Fv2%2Fcomments&post=71874"}],"version-history":[{"count":1,"href":"https:\/\/zonaroja.com.mx\/index.php?rest_route=\/wp\/v2\/posts\/71874\/revisions"}],"predecessor-version":[{"id":71876,"href":"https:\/\/zonaroja.com.mx\/index.php?rest_route=\/wp\/v2\/posts\/71874\/revisions\/71876"}],"wp:featuredmedia":[{"embeddable":true,"href":"https:\/\/zonaroja.com.mx\/index.php?rest_route=\/wp\/v2\/media\/71875"}],"wp:attachment":[{"href":"https:\/\/zonaroja.com.mx\/index.php?rest_route=%2Fwp%2Fv2%2Fmedia&parent=71874"}],"wp:term":[{"taxonomy":"category","embeddable":true,"href":"https:\/\/zonaroja.com.mx\/index.php?rest_route=%2Fwp%2Fv2%2Fcategories&post=71874"},{"taxonomy":"post_tag","embeddable":true,"href":"https:\/\/zonaroja.com.mx\/index.php?rest_route=%2Fwp%2Fv2%2Ftags&post=71874"}],"curies":[{"name":"wp","href":"https:\/\/api.w.org\/{rel}","templated":true}]}}