{"id":7188,"date":"2020-01-01T17:03:56","date_gmt":"2020-01-01T23:03:56","guid":{"rendered":"http:\/\/www.zonaroja.com.mx\/?p=7188"},"modified":"2020-01-01T17:03:58","modified_gmt":"2020-01-01T23:03:58","slug":"inicia-ano-con-violencia-en-tuxtepec-cerro-2019-con-mas-de-100-crimenes","status":"publish","type":"post","link":"https:\/\/zonaroja.com.mx\/?p=7188","title":{"rendered":"Inicia a\u00f1o con violencia en Tuxtepec; cerr\u00f3 2019 con m\u00e1s de 100 cr\u00edmenes"},"content":{"rendered":"\n<p>Yuri Sosa\/Zona Roja.<\/p>\n\n\n\n<p>San Juan Bautista Tuxtepec, Oax., 1 de\nenero de 2020.- La violencia en la regi\u00f3n de la Cuenca abri\u00f3 este a\u00f1o con el\nataque armado contra un hombre en el municipio de Tuxtepec, registrado en los\nprimeros minutos de este 2020.<\/p>\n\n\n\n<p>Los hechos se registraron en la colonia\nCinco de Mayo, en el segundo cuadro de la cuidad, de acuerdo con informaci\u00f3n\npolicial.<\/p>\n\n\n\n<p>Este ataque se registra en medio de un\nescenario violento en el municipio, donde apenas el pasado 30 de diciembre se\nregistr\u00f3 el ataque armado contra otro sujeto y el asesinato violento de un\nvar\u00f3n y una mujer que viajaban a bordo de una camioneta del servicio de\ntransporte; hecho que se registr\u00f3 en la carretera Tuxtepec-Jalapa de D\u00edaz.<\/p>\n\n\n\n<p>ZONA DE RIESGO<\/p>\n\n\n\n<p>De acuerdo con el Secretariado Ejecutivo\ndel Sistema Nacional de Seguridad P\u00fablica (SESNSP), de enero a noviembre del\n2019, en San Juan Bautista Tuxtepec se cometieron m\u00e1s de 100 muertes violentas\ncontra hombres y mujeres. Seg\u00fan recuento de medios inform\u00e1ticos de la regi\u00f3n,\nsuman 119 cr\u00edmenes.<\/p>\n\n\n\n<p>En este municipio, de mayor incidencia\nen la regi\u00f3n norte de Oaxaca, ocurrieron 81 muertes con armas de fuego; adem\u00e1s\nde cinco feminicidios, tres de ellos por arma de fuego. Entre otras muertes\nviolentas con el uso de arma blanca u otros elementos.<\/p>\n\n\n\n<p>Tuxtepec tambi\u00e9n se destac\u00f3 en el 2019\npor estar dentro de la lista de los 100 municipios de M\u00e9xico con mayor\nincidencia en presuntos delitos de feminicidios, ocurridos entre enero y\noctubre, al ocupar el lugar 36.<\/p>\n\n\n\n<p>Mientras que la Fiscal\u00eda General del\nEstado sumaban en sus estad\u00edsticas un total de 25 muertes violentas de mujeres,\nde las que s\u00f3lo cinco clasific\u00f3 como feminicidios.<\/p>\n\n\n\n<p>TAMBI\u00c9N CUENCA<\/p>\n\n\n\n<p>Los hechos violentos en la regi\u00f3n de la\nCuenca tambi\u00e9n se registraron en otros municipios, como Jalapa de D\u00edaz, San\nMiguel Soyaltepec, Loma Bonita, Acatl\u00e1n de P\u00e9rez Figueroa y San Pedro Ixcatl\u00e1n,\nprincipalmente.<\/p>\n\n\n\n<p>El pasado 23 de diciembre se perpetr\u00f3 el\nasesinato del presidente de Jalapa de D\u00edaz, Arturo Garc\u00eda y del s\u00edndico Javier\nTerrero. Hecho que provoc\u00f3 una serie de posicionamientos pol\u00edticos a diputados\nlocales, federales y senadores de Morena para exigir justicia.<\/p>\n\n\n\n<p>MOVILIZACI\u00d3N POLICIAL<\/p>\n\n\n\n<p>Al menos desde hace tres a\u00f1os la\nSecretaria de Seguridad P\u00fablica del Estado de Oaxaca ha implementado distintos\noperativos de vigilancia para tratar de mitigar los \u00edndices delictivos, sin que\ntengan un impacto contundente.<\/p>\n\n\n\n<p>Incluso, en abril del 2019 arrib\u00f3 a este\nmunicipio un primer convoy de elementos de la Guardia Nacional, sin que hasta\nfin de a\u00f1o representen un impacto en la seguridad de la poblaci\u00f3n.<\/p>\n","protected":false},"excerpt":{"rendered":"<p>Yuri Sosa\/Zona Roja. San Juan Bautista Tuxtepec, Oax., 1 de enero de 2020.- La violencia&hellip;<\/p>\n","protected":false},"author":2,"featured_media":2597,"comment_status":"closed","ping_status":"open","sticky":false,"template":"","format":"standard","meta":{"_lmt_disableupdate":"","_lmt_disable":"","_jetpack_memberships_contains_paid_content":false,"footnotes":""},"categories":[47],"tags":[118],"class_list":["post-7188","post","type-post","status-publish","format-standard","has-post-thumbnail","hentry","category-zona-gris","tag-san-juan-bautista-tuxtepec"],"jetpack_featured_media_url":"https:\/\/zonaroja.com.mx\/wp-content\/uploads\/2019\/07\/Tuxtepec3-1.jpg","jetpack_sharing_enabled":true,"_links":{"self":[{"href":"https:\/\/zonaroja.com.mx\/index.php?rest_route=\/wp\/v2\/posts\/7188","targetHints":{"allow":["GET"]}}],"collection":[{"href":"https:\/\/zonaroja.com.mx\/index.php?rest_route=\/wp\/v2\/posts"}],"about":[{"href":"https:\/\/zonaroja.com.mx\/index.php?rest_route=\/wp\/v2\/types\/post"}],"author":[{"embeddable":true,"href":"https:\/\/zonaroja.com.mx\/index.php?rest_route=\/wp\/v2\/users\/2"}],"replies":[{"embeddable":true,"href":"https:\/\/zonaroja.com.mx\/index.php?rest_route=%2Fwp%2Fv2%2Fcomments&post=7188"}],"version-history":[{"count":1,"href":"https:\/\/zonaroja.com.mx\/index.php?rest_route=\/wp\/v2\/posts\/7188\/revisions"}],"predecessor-version":[{"id":7189,"href":"https:\/\/zonaroja.com.mx\/index.php?rest_route=\/wp\/v2\/posts\/7188\/revisions\/7189"}],"wp:featuredmedia":[{"embeddable":true,"href":"https:\/\/zonaroja.com.mx\/index.php?rest_route=\/wp\/v2\/media\/2597"}],"wp:attachment":[{"href":"https:\/\/zonaroja.com.mx\/index.php?rest_route=%2Fwp%2Fv2%2Fmedia&parent=7188"}],"wp:term":[{"taxonomy":"category","embeddable":true,"href":"https:\/\/zonaroja.com.mx\/index.php?rest_route=%2Fwp%2Fv2%2Fcategories&post=7188"},{"taxonomy":"post_tag","embeddable":true,"href":"https:\/\/zonaroja.com.mx\/index.php?rest_route=%2Fwp%2Fv2%2Ftags&post=7188"}],"curies":[{"name":"wp","href":"https:\/\/api.w.org\/{rel}","templated":true}]}}