{"id":71893,"date":"2024-08-29T09:03:00","date_gmt":"2024-08-29T15:03:00","guid":{"rendered":"https:\/\/zonaroja.com.mx\/?p=71893"},"modified":"2024-08-29T07:09:50","modified_gmt":"2024-08-29T13:09:50","slug":"quita-el-tribunal-electoral-una-diputacion-local-al-pt-y-se-lo-da-al-pvem","status":"publish","type":"post","link":"https:\/\/zonaroja.com.mx\/?p=71893","title":{"rendered":"Quita el Tribunal Electoral una diputaci\u00f3n local al PT y se lo da al PVEM"},"content":{"rendered":"\n<p>Redacci\u00f3n\/Zona Roja.<\/p>\n\n\n\n<p>Oaxaca de Ju\u00e1rez, Oax., a 28 de agosto de 2024.- El pleno del Tribunal Electoral del Estado de Oaxaca (TEEO), por unanimidad, orden\u00f3 modificar el acuerdo IEEPCO-CG-125\/2024, mediante el cual el Consejo General del Instituto Estatal Electoral y de Participaci\u00f3n Ciudadana de Oaxaca realiz\u00f3 la asignaci\u00f3n de las de las diputaciones por el principio de representaci\u00f3n proporcional al Congreso conforme al resultado del proceso electoral 2023-2024.<\/p>\n\n\n\n<p>En la resoluci\u00f3n de estos 15 medios de impugnaci\u00f3n: RA\/81\/2024, JDC\/250\/2024, RIN\/DRP\/01\/2024, JDC\/259\/2024, RIN\/DRP\/02\/2024, JDC\/260\/2024, RIN\/DRP\/03\/2024, RIN\/DRP\/04\/2024, RIN\/DRP\/05\/2024, JDC\/261\/2024, JDC\/262\/2024, JDC\/263\/2024, JDC\/264\/2024, JDC\/265\/2024 y JDC\/266\/2024, este \u00f3rgano jurisdiccional determin\u00f3 que se debe restar la candidatura otorgada al Partido del Trabajo y dejarla al Partido Verde Ecologista de M\u00e9xico, otorg\u00e1ndola a la segunda f\u00f3rmula de la lista de representaci\u00f3n proporcional que present\u00f3 este \u00faltimo.<\/p>\n\n\n\n<p>Argument\u00f3 que, en este caso, el procedimiento seguido por el Consejo General del IEEPCO se apart\u00f3 de la normativa del estado para la asignaci\u00f3n de diputaciones, ya que ning\u00fan partido estaba fuera de los l\u00edmites de sobrerrepresentaci\u00f3n, de ah\u00ed que la primera designaci\u00f3n deb\u00eda quedar firme y no realizar ajuste.<\/p>\n\n\n\n<p>Por otro lado, respecto al agravio hecho valer por los partidos Nueva Alianza Oaxaca y Movimiento Unificador de J\u00f3venes en el Estado y sus Regiones (MUJER) respecto a la falta de reconocimiento de su respectiva autoadscripci\u00f3n ind\u00edgena, el TEEO lo declar\u00f3 ineficaz, ya que no se pod\u00eda otorgar el reconocimiento de autoadscripci\u00f3n ind\u00edgena en la etapa actual del proceso electoral, ya que esto deb\u00eda haberse realizado durante el registro de los partidos o mediante un proceso de modificaci\u00f3n de los estatutos de los partidos previo al inicio del proceso electoral.<\/p>\n\n\n\n<p>En cuanto al agravio expresado en estos juicios relacionado con el cumplimiento de las acciones afirmativas, este Tribunal desestim\u00f3 los planteamientos de las personas accionantes, pues su argumento de que la materializaci\u00f3n de las acciones afirmativas solo se cumple si se les otorga una candidatura, desconoce que los grupos a los que pertenecen ya se encuentran representados en el Congreso. Adem\u00e1s, advirti\u00f3 que la pretensi\u00f3n de los promoventes tiene un inter\u00e9s individual y no colectivo.<\/p>\n\n\n\n<p>Respecto a la falta de verificaci\u00f3n de la afiliaci\u00f3n efectiva por parte del Consejo General y la obligaci\u00f3n de este Tribunal de llevarla a cabo, el pleno concluy\u00f3 que la afiliaci\u00f3n o pertenencia de las candidaturas no es revisable al no derivar de una base constitucional, de ah\u00ed que en las ocasiones que se ha realizado, es porque previo al proceso electoral se determin\u00f3 dicha regla.<\/p>\n\n\n\n<p>El Tribunal determin\u00f3 que es ineficaz los agravios expresados respecto a la inconstitucionalidad e incorrecta aplicaci\u00f3n de la f\u00f3rmula de asignaci\u00f3n de diputaciones de Representaci\u00f3n Proporcional, ya que se sustentan en una premisa no justificada y en un c\u00e1lculo incorrecto, pues se hace depender las candidaturas que fueron postulados por los partidos que integraron la coalici\u00f3n parcial donde particip\u00f3 Morena.<\/p>\n","protected":false},"excerpt":{"rendered":"<p>Redacci\u00f3n\/Zona Roja. Oaxaca de Ju\u00e1rez, Oax., a 28 de agosto de 2024.- El pleno del&hellip;<\/p>\n","protected":false},"author":2,"featured_media":70521,"comment_status":"closed","ping_status":"open","sticky":false,"template":"","format":"standard","meta":{"_lmt_disableupdate":"","_lmt_disable":"","_jetpack_memberships_contains_paid_content":false,"footnotes":""},"categories":[109,46],"tags":[2235],"class_list":["post-71893","post","type-post","status-publish","format-standard","has-post-thumbnail","hentry","category-minuto-a-minuto","category-zona-blanca","tag-tribunal-electoral-del-estado-de-oaxaca-teeo"],"jetpack_featured_media_url":"https:\/\/zonaroja.com.mx\/wp-content\/uploads\/2024\/07\/TEEO-Tribunal-Electoral.jpg","jetpack_sharing_enabled":true,"_links":{"self":[{"href":"https:\/\/zonaroja.com.mx\/index.php?rest_route=\/wp\/v2\/posts\/71893","targetHints":{"allow":["GET"]}}],"collection":[{"href":"https:\/\/zonaroja.com.mx\/index.php?rest_route=\/wp\/v2\/posts"}],"about":[{"href":"https:\/\/zonaroja.com.mx\/index.php?rest_route=\/wp\/v2\/types\/post"}],"author":[{"embeddable":true,"href":"https:\/\/zonaroja.com.mx\/index.php?rest_route=\/wp\/v2\/users\/2"}],"replies":[{"embeddable":true,"href":"https:\/\/zonaroja.com.mx\/index.php?rest_route=%2Fwp%2Fv2%2Fcomments&post=71893"}],"version-history":[{"count":1,"href":"https:\/\/zonaroja.com.mx\/index.php?rest_route=\/wp\/v2\/posts\/71893\/revisions"}],"predecessor-version":[{"id":71894,"href":"https:\/\/zonaroja.com.mx\/index.php?rest_route=\/wp\/v2\/posts\/71893\/revisions\/71894"}],"wp:featuredmedia":[{"embeddable":true,"href":"https:\/\/zonaroja.com.mx\/index.php?rest_route=\/wp\/v2\/media\/70521"}],"wp:attachment":[{"href":"https:\/\/zonaroja.com.mx\/index.php?rest_route=%2Fwp%2Fv2%2Fmedia&parent=71893"}],"wp:term":[{"taxonomy":"category","embeddable":true,"href":"https:\/\/zonaroja.com.mx\/index.php?rest_route=%2Fwp%2Fv2%2Fcategories&post=71893"},{"taxonomy":"post_tag","embeddable":true,"href":"https:\/\/zonaroja.com.mx\/index.php?rest_route=%2Fwp%2Fv2%2Ftags&post=71893"}],"curies":[{"name":"wp","href":"https:\/\/api.w.org\/{rel}","templated":true}]}}