{"id":71897,"date":"2024-08-29T10:15:00","date_gmt":"2024-08-29T16:15:00","guid":{"rendered":"https:\/\/zonaroja.com.mx\/?p=71897"},"modified":"2024-08-29T07:36:28","modified_gmt":"2024-08-29T13:36:28","slug":"en-el-istmo-detienen-a-presunto-abusador-sexual-y-a-una-probable-homicida","status":"publish","type":"post","link":"https:\/\/zonaroja.com.mx\/?p=71897","title":{"rendered":"En el Istmo detienen a presunto abusador sexual y a una probable homicida"},"content":{"rendered":"\n<p>Redacci\u00f3n\/Zona Roja.<\/p>\n\n\n\n<p>Oaxaca de Ju\u00e1rez, Oax., a 29 agosto de 2024.-Como parte de la estrategia de cero tolerancia a delitos contra la mujer por raz\u00f3n de g\u00e9nero, la Fiscal\u00eda General del Estado de Oaxaca (FGEO) dio cumplimiento a una orden de aprehensi\u00f3n en contra de una persona del sexo masculino identificada como J. M. L. S., por el delito de Abuso Sexual Infantil Agravado, ocurrido en la regi\u00f3n del Istmo de Tehuantepec.<\/p>\n\n\n\n<p>Conforme a lo establecido en el expediente penal del caso, la agresi\u00f3n sexual en agravio de la v\u00edctima (una persona menor de edad, cuya identidad est\u00e1 reservada por ley), ocurri\u00f3 el 8 de julio de 2017, en un domicilio de Juchit\u00e1n de Zaragoza.<\/p>\n\n\n\n<p>Cuando la FGEO recibi\u00f3 la denuncia correspondiente, inici\u00f3 las investigaciones a trav\u00e9s de las \u00e1reas especializadas en delitos por raz\u00f3n de g\u00e9nero, perteneciente a la Vicefiscal\u00eda Regional del Istmo y, derivado de los resultados, se obtuvo una orden de aprehensi\u00f3n la cual se le dio cumplimiento con un operativo encabezado por la Agencia Estatal de Investigaciones (AEI) que logr\u00f3 la detenci\u00f3n del imputado cuando caminaba por calles de la Novena Secci\u00f3n de Juchit\u00e1n de Zaragoza.&nbsp;<\/p>\n\n\n\n<p>Una vez detenido, J. M. L. S. fue puesto a disposici\u00f3n de la autoridad competente que lo requiri\u00f3 para su proceso legal correspondiente.<\/p>\n\n\n\n<p>MUJER HOMICIDA<\/p>\n\n\n\n<p>En otro caso, la Fiscal\u00eda General del Estado de Oaxaca (FGEO) ejecut\u00f3 una orden de aprehensi\u00f3n contra una persona del sexo femenino identificada como M. C. C. J. o M. C. C. R., por el delito de Homicidio Calificado, cometido en agravio de J. A. L. A., hechos ocurridos en la regi\u00f3n del Istmo de Tehuantepec.<\/p>\n\n\n\n<p>De acuerdo con el expediente penal del caso, los hechos ocurrieron el 16 de junio de 2024, cuando la v\u00edctima se encontraba en el patio de su domicilio y tras una discusi\u00f3n fue agredida con un arma punzo-cortante (cuchillo), caus\u00e1ndole lesiones en diferentes partes del cuerpo a consecuencia de las cuales perdi\u00f3 la vida.<\/p>\n\n\n\n<p>Ante estos hechos, la Fiscal\u00eda de Oaxaca inici\u00f3 las investigaciones correspondientes a trav\u00e9s de la Fiscal\u00eda Especializada para la Atenci\u00f3n de Delitos de alto Impacto de la Vicefiscal\u00eda Regional del Istmo, dando como resultado que, el 20 de agosto de 2024, se ejecutara la detenci\u00f3n de M.C.C.J. o M.C.C.R., quien fue puesta a disposici\u00f3n de la autoridad ministerial correspondiente para determinar su situaci\u00f3n jur\u00eddica.<\/p>\n\n\n\n<p>El trabajo ministerial expedito y oportuno son herramientas clave para que la Fiscal\u00eda General del Estado de Oaxaca tenga resultados inmediatos a favor de las v\u00edctimas en los procesos de procuraci\u00f3n de justicia.<\/p>\n","protected":false},"excerpt":{"rendered":"<p>Redacci\u00f3n\/Zona Roja. Oaxaca de Ju\u00e1rez, Oax., a 29 agosto de 2024.-Como parte de la estrategia&hellip;<\/p>\n","protected":false},"author":2,"featured_media":71898,"comment_status":"closed","ping_status":"open","sticky":false,"template":"","format":"standard","meta":{"_lmt_disableupdate":"","_lmt_disable":"","_jetpack_memberships_contains_paid_content":false,"footnotes":""},"categories":[109,46],"tags":[494],"class_list":["post-71897","post","type-post","status-publish","format-standard","has-post-thumbnail","hentry","category-minuto-a-minuto","category-zona-blanca","tag-fiscalia-general-del-estado-de-oaxaca"],"jetpack_featured_media_url":"https:\/\/zonaroja.com.mx\/wp-content\/uploads\/2024\/08\/Detenidos-Fiscalia-Oaxaca.jpg","jetpack_sharing_enabled":true,"_links":{"self":[{"href":"https:\/\/zonaroja.com.mx\/index.php?rest_route=\/wp\/v2\/posts\/71897","targetHints":{"allow":["GET"]}}],"collection":[{"href":"https:\/\/zonaroja.com.mx\/index.php?rest_route=\/wp\/v2\/posts"}],"about":[{"href":"https:\/\/zonaroja.com.mx\/index.php?rest_route=\/wp\/v2\/types\/post"}],"author":[{"embeddable":true,"href":"https:\/\/zonaroja.com.mx\/index.php?rest_route=\/wp\/v2\/users\/2"}],"replies":[{"embeddable":true,"href":"https:\/\/zonaroja.com.mx\/index.php?rest_route=%2Fwp%2Fv2%2Fcomments&post=71897"}],"version-history":[{"count":1,"href":"https:\/\/zonaroja.com.mx\/index.php?rest_route=\/wp\/v2\/posts\/71897\/revisions"}],"predecessor-version":[{"id":71899,"href":"https:\/\/zonaroja.com.mx\/index.php?rest_route=\/wp\/v2\/posts\/71897\/revisions\/71899"}],"wp:featuredmedia":[{"embeddable":true,"href":"https:\/\/zonaroja.com.mx\/index.php?rest_route=\/wp\/v2\/media\/71898"}],"wp:attachment":[{"href":"https:\/\/zonaroja.com.mx\/index.php?rest_route=%2Fwp%2Fv2%2Fmedia&parent=71897"}],"wp:term":[{"taxonomy":"category","embeddable":true,"href":"https:\/\/zonaroja.com.mx\/index.php?rest_route=%2Fwp%2Fv2%2Fcategories&post=71897"},{"taxonomy":"post_tag","embeddable":true,"href":"https:\/\/zonaroja.com.mx\/index.php?rest_route=%2Fwp%2Fv2%2Ftags&post=71897"}],"curies":[{"name":"wp","href":"https:\/\/api.w.org\/{rel}","templated":true}]}}