{"id":7190,"date":"2020-01-01T17:22:02","date_gmt":"2020-01-01T23:22:02","guid":{"rendered":"http:\/\/www.zonaroja.com.mx\/?p=7190"},"modified":"2020-01-01T17:22:05","modified_gmt":"2020-01-01T23:22:05","slug":"asegura-amlo-que-el-2019-fue-un-buen-ano-para-mexico","status":"publish","type":"post","link":"https:\/\/zonaroja.com.mx\/?p=7190","title":{"rendered":"Asegura AMLO que el 2019 fue un buen a\u00f1o para M\u00e9xico"},"content":{"rendered":"\n<p>Redacci\u00f3n\/Zona Roja Cdmx.<\/p>\n\n\n\n<p>Ciudad de M\u00e9xico, 1 de enero de 2020.- El\n2019 \u201cno fue un mal a\u00f1o\u201d pues se avanz\u00f3 la transformaci\u00f3n de la vida p\u00fablica\ndel pa\u00eds, se acab\u00f3 la corrupci\u00f3n, sobre todo \u201carriba\u201d, y \u201cno hay impunidad\u201d.<\/p>\n\n\n\n<p>As\u00ed lo asegur\u00f3 el Presidente de M\u00e9xico,\nAndr\u00e9s Manuel L\u00f3pez Obrador, en un video difundido a trav\u00e9s de sus redes\nsociales el \u00faltimo d\u00eda del a\u00f1o pasado.<\/p>\n\n\n\n<p>A\u00f1adi\u00f3 que la econom\u00eda se mantuvo\nestable, se fortaleci\u00f3 el peso, \u201cno hay inflaci\u00f3n\u201d, aumentaron los salarios\nm\u00ednimos como no hab\u00eda sucedido en 40 a\u00f1os y hay bienestar en el pueblo.<\/p>\n\n\n\n<p>\u201cSobre todo hay desarrollo, no s\u00f3lo\ncrecimiento econ\u00f3mico. \u00bfCu\u00e1l es la diferencia entre el crecimiento y el\ndesarrollo? El crecimiento es que haya dinero, el desarrollo es que haya dinero\ny que se distribuya con justicia el ingreso, que se distribuya con justicia la\nriqueza. Eso es lo que sucedi\u00f3 este a\u00f1o\u201d.<\/p>\n\n\n\n<p>Muchos mexicanos, millones de mexicanos, est\u00e1n recibiendo apoyos, beneficios como nunca hab\u00eda sucedido, subray\u00f3, desde Palenque, Chiapas.<\/p>\n\n\n\n<p>Remarc\u00f3 que 2019 no fue un mal a\u00f1o pues\nal cierre de \u00e9ste \u201cno hay inflaci\u00f3n\u201d adem\u00e1s de que existe desarrollo, no s\u00f3lo\ncrecimiento econ\u00f3mico, aunque reconoci\u00f3 que tambi\u00e9n hay asignaturas pendientes\ncomo la inseguridad y la violencia.<\/p>\n\n\n\n<p>Sin embargo, confi\u00f3 en que se serenar\u00e1\nal pa\u00eds porque se est\u00e1n atendiendo las causas que generaron la inseguridad y la\nviolencia, al tiempo que se est\u00e1 separando \u201clo que es la delincuencia de lo que\nes la autoridad para que no suceda lo que pasaba en gobiernos anteriores\u201d.<\/p>\n\n\n\n<p>\u201cLleg\u00f3 un tiempo en que (Joaqu\u00edn) Guzm\u00e1n\nLoera ten\u00eda el mismo poder, ten\u00eda la influencia que ten\u00eda en ese entonces el\npresidente, que ostentaba el m\u00e1ximo cargo en el Gobierno de la Rep\u00fablica,\nporque hab\u00eda un contubernio y eso imped\u00eda que se castigara a los que comet\u00edan\nlos delitos.<\/p>\n\n\n\n<p>\u201cEso ya pas\u00f3 a la historia, al basurero\nde la historia, eso no va a volver a suceder, nosotros queremos moralizar la\nvida p\u00fablica de M\u00e9xico y lo estamos haciendo. Estamos purificando la vida\np\u00fablica para que se tenga autoridad moral y se pueda tener autoridad pol\u00edtica\u201d,\ndijo en un mensaje en redes sociales.<\/p>\n\n\n\n<p>Confi\u00f3 en que al atender el problema de\nla inseguridad y la violencia se ir\u00e1 apaciguando y serenando al pa\u00eds, porque no\nse permite la corrupci\u00f3n y se est\u00e1n atendiendo las causas que originaron ese\nfen\u00f3meno en M\u00e9xico<\/p>\n\n\n\n<p>(Con informaci\u00f3n de Notimex)<\/p>\n","protected":false},"excerpt":{"rendered":"<p>Redacci\u00f3n\/Zona Roja Cdmx. Ciudad de M\u00e9xico, 1 de enero de 2020.- El 2019 \u201cno fue&hellip;<\/p>\n","protected":false},"author":2,"featured_media":7191,"comment_status":"closed","ping_status":"open","sticky":false,"template":"","format":"standard","meta":{"_lmt_disableupdate":"","_lmt_disable":"","_jetpack_memberships_contains_paid_content":false,"footnotes":""},"categories":[109,46],"tags":[143],"class_list":["post-7190","post","type-post","status-publish","format-standard","has-post-thumbnail","hentry","category-minuto-a-minuto","category-zona-blanca","tag-andres-manuel-lopez-obrador"],"jetpack_featured_media_url":"https:\/\/zonaroja.com.mx\/wp-content\/uploads\/2020\/01\/palenque.jpg","jetpack_sharing_enabled":true,"_links":{"self":[{"href":"https:\/\/zonaroja.com.mx\/index.php?rest_route=\/wp\/v2\/posts\/7190","targetHints":{"allow":["GET"]}}],"collection":[{"href":"https:\/\/zonaroja.com.mx\/index.php?rest_route=\/wp\/v2\/posts"}],"about":[{"href":"https:\/\/zonaroja.com.mx\/index.php?rest_route=\/wp\/v2\/types\/post"}],"author":[{"embeddable":true,"href":"https:\/\/zonaroja.com.mx\/index.php?rest_route=\/wp\/v2\/users\/2"}],"replies":[{"embeddable":true,"href":"https:\/\/zonaroja.com.mx\/index.php?rest_route=%2Fwp%2Fv2%2Fcomments&post=7190"}],"version-history":[{"count":1,"href":"https:\/\/zonaroja.com.mx\/index.php?rest_route=\/wp\/v2\/posts\/7190\/revisions"}],"predecessor-version":[{"id":7192,"href":"https:\/\/zonaroja.com.mx\/index.php?rest_route=\/wp\/v2\/posts\/7190\/revisions\/7192"}],"wp:featuredmedia":[{"embeddable":true,"href":"https:\/\/zonaroja.com.mx\/index.php?rest_route=\/wp\/v2\/media\/7191"}],"wp:attachment":[{"href":"https:\/\/zonaroja.com.mx\/index.php?rest_route=%2Fwp%2Fv2%2Fmedia&parent=7190"}],"wp:term":[{"taxonomy":"category","embeddable":true,"href":"https:\/\/zonaroja.com.mx\/index.php?rest_route=%2Fwp%2Fv2%2Fcategories&post=7190"},{"taxonomy":"post_tag","embeddable":true,"href":"https:\/\/zonaroja.com.mx\/index.php?rest_route=%2Fwp%2Fv2%2Ftags&post=7190"}],"curies":[{"name":"wp","href":"https:\/\/api.w.org\/{rel}","templated":true}]}}