{"id":71908,"date":"2024-08-29T08:40:41","date_gmt":"2024-08-29T14:40:41","guid":{"rendered":"https:\/\/zonaroja.com.mx\/?p=71908"},"modified":"2024-08-29T08:40:43","modified_gmt":"2024-08-29T14:40:43","slug":"arrollan-caravana-de-migrantes-en-oaxaca-dos-muertos-y-19-heridos","status":"publish","type":"post","link":"https:\/\/zonaroja.com.mx\/?p=71908","title":{"rendered":"Arrollan caravana de migrantes en Oaxaca; dos muertos y 19 heridos"},"content":{"rendered":"\n<p>Raymundo Morales\/Zona Roja.<\/p>\n\n\n\n<p>Oaxaca de Ju\u00e1rez, Oax., a 29 de agosto de 2024.- Una unidad de motor arroll\u00f3 a una caravana de migrantes en la regi\u00f3n del Istmo de Tehuantepec, Oaxaca, lo que dej\u00f3 como saldo preliminar, dos personas fallecidas y 19 lesionadas.<\/p>\n\n\n\n<p>El percance ocurri\u00f3 cerca de las 05:00 horas de este jueves en la carretera Panamericana, en el tramo Santiago Niltepec-La Blanca, en que caminaban los integrantes de la caravana con rumbo a Juchit\u00e1n de Zaragoza.<\/p>\n\n\n\n<p>Al parecer un veh\u00edculo marca Volkswagen, tipo Jetta, placas TMH-96-76 impact\u00f3 a los viajeros hondure\u00f1os, colombianos, nicarag\u00fcenses y ecuatorianos.<\/p>\n\n\n\n<p>Una de las v\u00edctimas fatales fue identificada como Martha D., menor de edad, de otro m\u00e1s a\u00fan no se cuenta con sus datos de identificaci\u00f3n.<\/p>\n\n\n\n<p>El gobierno de Oaxaca, a trav\u00e9s de la Coordinaci\u00f3n Estatal de Protecci\u00f3n Civil, inform\u00f3 que 15 personas fueron trasladadas a hospitales de Juchit\u00e1n y de Ciudad Ixtepec.<\/p>\n","protected":false},"excerpt":{"rendered":"<p>Raymundo Morales\/Zona Roja. Oaxaca de Ju\u00e1rez, Oax., a 29 de agosto de 2024.- Una unidad&hellip;<\/p>\n","protected":false},"author":2,"featured_media":71909,"comment_status":"closed","ping_status":"open","sticky":false,"template":"","format":"standard","meta":{"_lmt_disableupdate":"","_lmt_disable":"","_jetpack_memberships_contains_paid_content":false,"footnotes":""},"categories":[109,47],"tags":[3641],"class_list":["post-71908","post","type-post","status-publish","format-standard","has-post-thumbnail","hentry","category-minuto-a-minuto","category-zona-gris","tag-migrantes-en-oaxaca"],"jetpack_featured_media_url":"https:\/\/zonaroja.com.mx\/wp-content\/uploads\/2024\/08\/Accidente-migrantes-Oaxaca.jpeg","jetpack_sharing_enabled":true,"_links":{"self":[{"href":"https:\/\/zonaroja.com.mx\/index.php?rest_route=\/wp\/v2\/posts\/71908","targetHints":{"allow":["GET"]}}],"collection":[{"href":"https:\/\/zonaroja.com.mx\/index.php?rest_route=\/wp\/v2\/posts"}],"about":[{"href":"https:\/\/zonaroja.com.mx\/index.php?rest_route=\/wp\/v2\/types\/post"}],"author":[{"embeddable":true,"href":"https:\/\/zonaroja.com.mx\/index.php?rest_route=\/wp\/v2\/users\/2"}],"replies":[{"embeddable":true,"href":"https:\/\/zonaroja.com.mx\/index.php?rest_route=%2Fwp%2Fv2%2Fcomments&post=71908"}],"version-history":[{"count":1,"href":"https:\/\/zonaroja.com.mx\/index.php?rest_route=\/wp\/v2\/posts\/71908\/revisions"}],"predecessor-version":[{"id":71910,"href":"https:\/\/zonaroja.com.mx\/index.php?rest_route=\/wp\/v2\/posts\/71908\/revisions\/71910"}],"wp:featuredmedia":[{"embeddable":true,"href":"https:\/\/zonaroja.com.mx\/index.php?rest_route=\/wp\/v2\/media\/71909"}],"wp:attachment":[{"href":"https:\/\/zonaroja.com.mx\/index.php?rest_route=%2Fwp%2Fv2%2Fmedia&parent=71908"}],"wp:term":[{"taxonomy":"category","embeddable":true,"href":"https:\/\/zonaroja.com.mx\/index.php?rest_route=%2Fwp%2Fv2%2Fcategories&post=71908"},{"taxonomy":"post_tag","embeddable":true,"href":"https:\/\/zonaroja.com.mx\/index.php?rest_route=%2Fwp%2Fv2%2Ftags&post=71908"}],"curies":[{"name":"wp","href":"https:\/\/api.w.org\/{rel}","templated":true}]}}