{"id":71911,"date":"2024-08-29T17:31:49","date_gmt":"2024-08-29T23:31:49","guid":{"rendered":"https:\/\/zonaroja.com.mx\/?p=71911"},"modified":"2024-08-29T17:31:49","modified_gmt":"2024-08-29T23:31:49","slug":"opinion-los-idus-de-agosto","status":"publish","type":"post","link":"https:\/\/zonaroja.com.mx\/?p=71911","title":{"rendered":"Opini\u00f3n Los idus de agosto"},"content":{"rendered":"\n<p class=\"s3\">N\u00e9stor Y. S\u00e1nchez Islas <\/p>\n\n\n\n<p class=\"s3\">Es correcto, los \u201cidus\u201d no solo son de marzo, se dan a lo largo de varios meses. En un principio fueron se\u00f1al de buenos augurios, sin embargo, en el a\u00f1o 44 a.C., con el asesinato de Julio C\u00e9sar,&nbsp;dejaron de&nbsp;significar esperanza para&nbsp;se\u00f1alar tragedia.&nbsp;Los idus de marzo cambiaron la historia de occidente; los idus de agosto est\u00e1n cambiando la historia de M\u00e9xico.<\/p>\n\n\n\n<p class=\"s3\">El presidente L\u00f3pez Obrador es un hombre de tormentas. Su vida pol\u00edtica ha sido marcada siempre por la agitaci\u00f3n y la polarizaci\u00f3n. Inici\u00f3 su presidencia acabando con el Nuevo Aeropuerto de la Ciudad de M\u00e9xico, una obra que no tuvimos, que no tendremos, pero que seguiremos pagando. <\/p>\n\n\n\n<p class=\"s3\">Est\u00e1 a unas semanas de concluir su mandato y la tormenta se cierne sobre nuestro futuro: una profunda desaceleraci\u00f3n econ\u00f3mica, alta inflaci\u00f3n, una devaluaci\u00f3n del 15%&nbsp;al momento, la detenci\u00f3n del&nbsp;\u201cMayo\u201d Zambada y sus implicaciones pol\u00edticas, inseguridad, el agandalle de las plurinominales y una \u201creforma\u201d judicial que todo el mundo rechaza por&nbsp;las consecuencias negativas que tendr\u00e1 para el pa\u00eds.<\/p>\n\n\n\n<p class=\"s3\">Grave, muy grave que el presidente y su partido tengan la mayor\u00eda absoluta en el Congreso. La Constituci\u00f3n quedar\u00e1 en sus manos y podr\u00edan volver legal lo ilegal en cualquier momento. Como lo dijo Diego Valad\u00e9s, nos volveremos el pa\u00eds de la Constituci\u00f3n de un solo hombre.<\/p>\n\n\n\n<p class=\"s3\">Los meses de agosto y los presidentes L\u00f3pez est\u00e1n quedando unidos por la tragedia de los idus de agosto. Fue en agosto de 1982 cuando Jos\u00e9 L\u00f3pez Portillo, JLP,&nbsp;tom\u00f3 la decisi\u00f3n de nacionalizar la banca mexicana y&nbsp;decretar&nbsp;el control de cambios. Fue el inicio del fin de los gobiernos de la revoluci\u00f3n, aquellos a\u00f1os que tanta nostalgia le provocan al presidente L\u00f3pez Obrador.<\/p>\n\n\n\n<p class=\"s3\">La historia nos se\u00f1ala algunos paralelismos y vale la pena conocer los hechos poque, inevitablemente, llegar\u00e1&nbsp;el momento de pagar los costos de la euforia. La cruda de la expropiaci\u00f3n bancaria la seguimos pagando hoy. La cruda de la reforma judicial, la desaparici\u00f3n de los organismos aut\u00f3nomos y otros cambios los seguir\u00e1n pagando&nbsp;quienes hoy ni siquiera han nacido.<\/p>\n\n\n\n<p class=\"s3\">Agosto de 1982 fue un mes de caos. Jes\u00fas Silva Herzog viaj\u00f3 a Nueva York a negociar una moratoria en el pago de la deuda externa que, entre Luis Echeverr\u00eda y JLP hab\u00eda llevado de los 6 mil a los 100 mil millones de d\u00f3lares.&nbsp;<\/p>\n\n\n\n<p class=\"s3\">Lo consigui\u00f3 y la historia&nbsp;secreta&nbsp;detr\u00e1s de las negociaciones fue que, a cambio del acceso al cr\u00e9dito para poder seguir comprando ma\u00edz&nbsp;y&nbsp;alimentos&nbsp;que M\u00e9xico no produc\u00eda&nbsp;y evitar una revoluci\u00f3n provocada por la falta de tortillas, el gobierno se comprometi\u00f3 a realizar una serie de cambios&nbsp;democr\u00e1ticos y liberales&nbsp;para dejar atr\u00e1s el nacionalismo revolucionario y econ\u00f3mico y abrir las puertas a una serie de&nbsp;medidascon&nbsp;Miguel de la Madrid,&nbsp;quien qued\u00f3 atado de manos desde el primer d\u00eda.&nbsp;La apertura democr\u00e1tica&nbsp;y la creaci\u00f3n de&nbsp;un IFE aut\u00f3nomo del gobierno federal vienen desde aquellas negociaciones.&nbsp;La llegada de lo que L\u00f3pez Obrador define como los reg\u00edmenes neoliberales fue consecuencia de los excesos populistas. Lo mismo pasar\u00e1 ahora, los excesos de este r\u00e9gimen&nbsp;y el hartazgo lo conducir\u00e1n a su desaparici\u00f3n.<\/p>\n\n\n\n<p class=\"s3\">La&nbsp;\u00faltima gira de JLP&nbsp;por Oaxaca&nbsp;despu\u00e9s de su&nbsp;sextoinforme asemej\u00f3&nbsp;lo que sucede hoy. Una gran concentraci\u00f3n, acarreados, y un mitin afuera del edificio central de la UABJO. Mantas de apoyo, gritos y euforia por la nacionalizaci\u00f3n bancaria, una borrachera populista que&nbsp;igual lanzaba&nbsp;consignas nacionalistas&nbsp;que quemaba efigies de los banqueros en el z\u00f3calo, los entonces calificados como saca-d\u00f3lares, conservadoresy traidores.&nbsp;Despu\u00e9s, una ceremonia en el Teatro Alcal\u00e1, recinto al que entr\u00f3 con su porte atl\u00e9tico y su caracter\u00edstica elegancia al vestir&nbsp;para escuchar a Ildefonso Zorrilla Cuevas deshacerse en halagos, loas y lisonjas ante quien&nbsp;el exrector calific\u00f3 como \u201cprotagonista de la historia\u201d. Y lo fue, pero no en el sentido que JLP quer\u00eda.<\/p>\n\n\n\n<p class=\"s3\">Igual que entonces, el presidente Obrador trata de emular los actos de los padres de la patria. JLP quiso comparar su expropiaci\u00f3n con la de L\u00e1zaro C\u00e1rdenas y el petr\u00f3leo, Obrador&nbsp;con&nbsp;las&nbsp;gestas&nbsp;de don Benito Ju\u00e1rez.&nbsp;L\u00f3pez Portillo pudo nacionalizar la banca porque ten\u00eda la mayor\u00eda absoluta en el Congreso. L\u00f3pez Obrador har\u00e1 lo que quiera porque, al menos por un mes, dispondr\u00e1 de senadores y diputados a su antojo.<\/p>\n\n\n\n<p class=\"s3\">Hay un dato que preocupa. JLP mand\u00f3 al ej\u00e9rcito y la polic\u00eda a tomar los bancos&nbsp;desde la ma\u00f1ana&nbsp;del 1 de septiembre de 1982, antes de&nbsp;anunciar su&nbsp;decreto. La presidenta podr\u00eda hacer lo mismo al aplicar la reforma judicial, mandar al ej\u00e9rcito a tomar la sede de la Suprema Corte&nbsp;ante una posible resistencia deministros,&nbsp;magistrados y jueces, lo que ser\u00eda un hecho grav\u00edsimo.<\/p>\n\n\n\n<p class=\"s3\">Vivimos&nbsp;una&nbsp;fuerte&nbsp;ca\u00edda de la econom\u00eda&nbsp;y&nbsp;con un gobierno sobreendeudado. Ya se gast\u00f3 todo lo que encontr\u00f3,&nbsp;deja a M\u00e9xico vulnerable&nbsp;ante los banqueros y organismos internacionales&nbsp;y,&nbsp;con el control del Congreso,&nbsp;volveremos&nbsp;al autoritarismo y la opacidad.<\/p>\n\n\n\n<p class=\"s3\">nestoryuri@yahoo.com<\/p>\n\n\n\n<p><\/p>\n","protected":false},"excerpt":{"rendered":"<p>N\u00e9stor Y. S\u00e1nchez Islas Es correcto, los \u201cidus\u201d no solo son de marzo, se dan&hellip;<\/p>\n","protected":false},"author":2,"featured_media":67897,"comment_status":"closed","ping_status":"open","sticky":false,"template":"","format":"standard","meta":{"_lmt_disableupdate":"","_lmt_disable":"","_jetpack_memberships_contains_paid_content":false,"footnotes":""},"categories":[456,109],"tags":[],"class_list":["post-71911","post","type-post","status-publish","format-standard","has-post-thumbnail","hentry","category-columna","category-minuto-a-minuto"],"jetpack_featured_media_url":"https:\/\/zonaroja.com.mx\/wp-content\/uploads\/2024\/05\/Opinion-Nestor-Yuri-Sanchez.jpeg","jetpack_sharing_enabled":true,"_links":{"self":[{"href":"https:\/\/zonaroja.com.mx\/index.php?rest_route=\/wp\/v2\/posts\/71911","targetHints":{"allow":["GET"]}}],"collection":[{"href":"https:\/\/zonaroja.com.mx\/index.php?rest_route=\/wp\/v2\/posts"}],"about":[{"href":"https:\/\/zonaroja.com.mx\/index.php?rest_route=\/wp\/v2\/types\/post"}],"author":[{"embeddable":true,"href":"https:\/\/zonaroja.com.mx\/index.php?rest_route=\/wp\/v2\/users\/2"}],"replies":[{"embeddable":true,"href":"https:\/\/zonaroja.com.mx\/index.php?rest_route=%2Fwp%2Fv2%2Fcomments&post=71911"}],"version-history":[{"count":1,"href":"https:\/\/zonaroja.com.mx\/index.php?rest_route=\/wp\/v2\/posts\/71911\/revisions"}],"predecessor-version":[{"id":71912,"href":"https:\/\/zonaroja.com.mx\/index.php?rest_route=\/wp\/v2\/posts\/71911\/revisions\/71912"}],"wp:featuredmedia":[{"embeddable":true,"href":"https:\/\/zonaroja.com.mx\/index.php?rest_route=\/wp\/v2\/media\/67897"}],"wp:attachment":[{"href":"https:\/\/zonaroja.com.mx\/index.php?rest_route=%2Fwp%2Fv2%2Fmedia&parent=71911"}],"wp:term":[{"taxonomy":"category","embeddable":true,"href":"https:\/\/zonaroja.com.mx\/index.php?rest_route=%2Fwp%2Fv2%2Fcategories&post=71911"},{"taxonomy":"post_tag","embeddable":true,"href":"https:\/\/zonaroja.com.mx\/index.php?rest_route=%2Fwp%2Fv2%2Ftags&post=71911"}],"curies":[{"name":"wp","href":"https:\/\/api.w.org\/{rel}","templated":true}]}}