{"id":71913,"date":"2024-08-29T18:30:41","date_gmt":"2024-08-30T00:30:41","guid":{"rendered":"https:\/\/zonaroja.com.mx\/?p=71913"},"modified":"2024-08-29T18:30:42","modified_gmt":"2024-08-30T00:30:42","slug":"de-nicaragua-y-ecuador-los-tres-migrantes-muertos-en-oaxaca-hay-un-detenido","status":"publish","type":"post","link":"https:\/\/zonaroja.com.mx\/?p=71913","title":{"rendered":"De Nicaragua y Ecuador, los tres migrantes muertos en Oaxaca; hay un detenido"},"content":{"rendered":"\n<p>Raymundo Morales\/Zona Roja.<\/p>\n\n\n\n<p>Oaxaca de Ju\u00e1rez, Oax. 29 agosto de 2024.- Una persona fue detenida como probable responsable del percance vial ocurrido la madrugada de hoy en la regi\u00f3n del Istmo de Tehuantepec, en que perdieron la vida tres personas migrantes, originarias de Nicaragua y Ecuador.<\/p>\n\n\n\n<p>Las v\u00edctimas fueron identificadas como R. M. G. U., de 31 a\u00f1os de edad, K. S. G. B., de 8 a\u00f1os y M. D. C., de 55 a\u00f1os, conform\u00f3 la Fiscal\u00eda General del Estado de Oaxaca.<\/p>\n\n\n\n<p>La instituci\u00f3n a cargo de Bernardo Rodr\u00edguez Escamilla dio a conocer que despleg\u00f3 a un equipo multidisciplinario, a trav\u00e9s de la Vicefiscal\u00eda Regional del Istmo, para realizar labores periciales y de investigaci\u00f3n, luego de tomar conocimiento sobre el percance carretero en el que atropellaron a varias personas que formaban parte de una caravana migrante, registrado durante la ma\u00f1ana del 29 de agosto de 2024, ocurrido en la carretera 190 en el tramo La Ventosa- Tapanatepec.<\/p>\n\n\n\n<p>Como saldo preliminar, la Fiscal\u00eda de Oaxaca confirma el fallecimiento de tres personas, entre ellas dos originarias de Nicaragua -un hombre y una menor de edad (padre e hija)- y una tercera v\u00edctima quien falleci\u00f3 cuando recib\u00eda atenci\u00f3n m\u00e9dica, adem\u00e1s de varias personas lesionadas.<\/p>\n\n\n\n<p>De acuerdo con la carpeta de investigaci\u00f3n iniciada por el delito de Homicidio Culposo, los hechos ocurrieron la ma\u00f1ana de este jueves 29 de agosto, en la carretera 190 en el tramo La Ventosa-Tanatepec, donde un veh\u00edculo de motor arroll\u00f3 a una caravana de migrantes que transitaban por esa v\u00eda; las v\u00edctimas lesionadas fueron trasladadas a hospitales cercanos para su inmediata atenci\u00f3n m\u00e9dica.<\/p>\n\n\n\n<p>Por estos hechos, hay una persona detenida identificada como J. V. R. R., quien qued\u00f3 a disposici\u00f3n del agente del ministerio p\u00fablico para determinar su nivel de responsabilidad por estos hechos.<\/p>\n\n\n\n<p>En tanto, la Vicefiscal\u00eda Regional del Istmo, realiz\u00f3 el levantamiento de los cuerpos, mismos que ser\u00e1n sometidos a la necropsia de Ley y a los respectivos dict\u00e1menes periciales.<\/p>\n\n\n\n<p>La Fiscal\u00eda de Oaxaca realiza los estudios periciales correspondientes que permitan esclarecer la mec\u00e1nica de los hechos del accidente, con el objetivo de brindar certeza cient\u00edfica de c\u00f3mo ocurri\u00f3 el percance y con ello, deslindar responsabilidades.<\/p>\n\n\n\n<p>INSTRUYE APOYOS<\/p>\n\n\n\n<p>Por otra parte, el Gobierno del Estado de Oaxaca inform\u00f3 que por instrucciones del mandatario Salom\u00f3n Jara Cruz, las instituciones del sector de la administraci\u00f3n estatal brindan el apoyo necesario a las personas migrantes que resultaron heridas en el percance automovil\u00edstico ocurrido en el Istmo de Tehuantepec.<\/p>\n\n\n\n<p>Lament\u00f3 el accidente ocurrido en la carretera Panamericana 190, en el que fallecieron tres personas migrantes. \u201cNuestro m\u00e1s sentido p\u00e9same a sus familiares, a quienes estamos brindando todo el apoyo\u201d, indic\u00f3.<\/p>\n\n\n\n<p>De esta manera, dio a conocer que instruy\u00f3 a trav\u00e9s de las distintas secretar\u00edas de su administraci\u00f3n, garantizar el acompa\u00f1amiento y atenci\u00f3n a todas las personas afectadas.<\/p>\n\n\n\n<p>En tal sentido, expres\u00f3 que las personas lesionadas est\u00e1n siendo atendidas en los hospitales de Juchit\u00e1n de Zaragoza y Ciudad Ixtepec.<\/p>\n","protected":false},"excerpt":{"rendered":"<p>Raymundo Morales\/Zona Roja. Oaxaca de Ju\u00e1rez, Oax. 29 agosto de 2024.- Una persona fue detenida&hellip;<\/p>\n","protected":false},"author":2,"featured_media":71914,"comment_status":"closed","ping_status":"open","sticky":false,"template":"","format":"standard","meta":{"_lmt_disableupdate":"","_lmt_disable":"","_jetpack_memberships_contains_paid_content":false,"footnotes":""},"categories":[109,47],"tags":[3641],"class_list":["post-71913","post","type-post","status-publish","format-standard","has-post-thumbnail","hentry","category-minuto-a-minuto","category-zona-gris","tag-migrantes-en-oaxaca"],"jetpack_featured_media_url":"https:\/\/zonaroja.com.mx\/wp-content\/uploads\/2024\/08\/Accidente-Istmo-migrantes-tres-muertos.jpg","jetpack_sharing_enabled":true,"_links":{"self":[{"href":"https:\/\/zonaroja.com.mx\/index.php?rest_route=\/wp\/v2\/posts\/71913","targetHints":{"allow":["GET"]}}],"collection":[{"href":"https:\/\/zonaroja.com.mx\/index.php?rest_route=\/wp\/v2\/posts"}],"about":[{"href":"https:\/\/zonaroja.com.mx\/index.php?rest_route=\/wp\/v2\/types\/post"}],"author":[{"embeddable":true,"href":"https:\/\/zonaroja.com.mx\/index.php?rest_route=\/wp\/v2\/users\/2"}],"replies":[{"embeddable":true,"href":"https:\/\/zonaroja.com.mx\/index.php?rest_route=%2Fwp%2Fv2%2Fcomments&post=71913"}],"version-history":[{"count":1,"href":"https:\/\/zonaroja.com.mx\/index.php?rest_route=\/wp\/v2\/posts\/71913\/revisions"}],"predecessor-version":[{"id":71915,"href":"https:\/\/zonaroja.com.mx\/index.php?rest_route=\/wp\/v2\/posts\/71913\/revisions\/71915"}],"wp:featuredmedia":[{"embeddable":true,"href":"https:\/\/zonaroja.com.mx\/index.php?rest_route=\/wp\/v2\/media\/71914"}],"wp:attachment":[{"href":"https:\/\/zonaroja.com.mx\/index.php?rest_route=%2Fwp%2Fv2%2Fmedia&parent=71913"}],"wp:term":[{"taxonomy":"category","embeddable":true,"href":"https:\/\/zonaroja.com.mx\/index.php?rest_route=%2Fwp%2Fv2%2Fcategories&post=71913"},{"taxonomy":"post_tag","embeddable":true,"href":"https:\/\/zonaroja.com.mx\/index.php?rest_route=%2Fwp%2Fv2%2Ftags&post=71913"}],"curies":[{"name":"wp","href":"https:\/\/api.w.org\/{rel}","templated":true}]}}