{"id":71916,"date":"2024-08-29T19:34:36","date_gmt":"2024-08-30T01:34:36","guid":{"rendered":"https:\/\/zonaroja.com.mx\/?p=71916"},"modified":"2024-08-29T19:34:37","modified_gmt":"2024-08-30T01:34:37","slug":"niega-sedena-captura-de-ivan-archivaldo-terror-sigue-en-culiacan","status":"publish","type":"post","link":"https:\/\/zonaroja.com.mx\/?p=71916","title":{"rendered":"Niega Sedena captura de Iv\u00e1n Archivaldo; terror sigue en Culiac\u00e1n"},"content":{"rendered":"\n<p>Redacci\u00f3n\/Zona Roja Cdmx.<\/p>\n\n\n\n<p>Ciudad de M\u00e9xico, a 29 de agosto de 20204.- La tarde de este 29 de agosto se reportaron distintos narcobloqueos y enfrentamientos entre integrantes del C\u00e1rtel del Pac\u00edfico donde presuntamente habr\u00eda sido capturado Iv\u00e1n Archivaldo Guzm\u00e1n Salazar, l\u00edder de \u201cLos Chapitos\u201d.&nbsp;<\/p>\n\n\n\n<p>Sin embargo, la Secretar\u00eda de la Defensa Nacional (Sedena) confirm\u00f3 a Infobae M\u00e9xico que esto no fue as\u00ed.<\/p>\n\n\n\n<p>Los primeros reportes de los enfrentamientos entre civiles armados y tropas del Ej\u00e9rcito Mexicano se dieron en el poblado de Paredones, ubicado en la sindicatura de Jes\u00fas Mar\u00eda, lugar donde Ovidio Guzm\u00e1n L\u00f3pez, alias \u201cEl Rat\u00f3n\u201d, fue capturado en enero de 2023.<\/p>\n\n\n\n<p>La informaci\u00f3n que trascendi\u00f3 refer\u00eda que los enfrentamientos se dieron cuando elementos de la Secretar\u00eda de la Defensa Nacional (Sedena) ingresaron al poblado y fueron atacados por civiles armados.<\/p>\n\n\n\n<p>Estos enfrentamientos se extendieron en la zona en donde se reportaron veh\u00edculos volcados y quema de los mismos.<\/p>\n\n\n\n<p>Los elementos de la Sedena que acudieron al auxilio de sus compa\u00f1eros fueron bloqueados por hombres armados para que no pudieran auxiliar.<\/p>\n\n\n\n<p>El alcalde de Culiac\u00e1n, Juan de Dios G\u00e1mez Mend\u00edvil, inform\u00f3 en sus redes sociales que \u201cderivado de acciones de las fuerzas de seguridad del Gobierno Federal, en la sindicatura de Jes\u00fas Mar\u00eda, al norte del municipio de Culiac\u00e1n, se han registrado hechos de inseguridad focalizados en esa zona, sobre la Carretera M\u00e9xico 15\u2033.<\/p>\n\n\n\n<p>Pese a que los enfrentamientos se desarrollaron en la carretera M\u00e9xico 15, en la ciudad de Culiac\u00e1n se reportaron cierre de comercios y personas en p\u00e1nico ante la expectativa de una reacci\u00f3n m\u00e1s violenta por parte de los grupos criminales.&nbsp;<\/p>\n\n\n\n<p>Culiac\u00e1n es el basti\u00f3n de \u201cLos Chapitos\u201d y ha sido testigo de otros hechos de violencia, como el ocurrido en octubre de 2019, evento conocido como Culiacanazo.<\/p>\n\n\n\n<p>Por ello, la Secretar\u00eda de Seguridad P\u00fablica Sinaloa hizo un llamado \u201ca la ciudadan\u00eda de que se mantenga en calma, ya que las autoridades competentes se hacen cargo de lo que acontece en Culiac\u00e1n\u201d.<\/p>\n\n\n\n<p>La Sedena confirm\u00f3 a Infobae M\u00e9xico que durante estos eventos no se detuvo a ninguna persona y se trat\u00f3 de un enfrentamiento entre civiles armados y sicarios del C\u00e1rtel de Sinaloa.<\/p>\n\n\n\n<p>La periodista Azucena Uresti inform\u00f3 previamente de forma extraoficial la captura de Iv\u00e1n Archivaldo Guzm\u00e1n, por quien la DEA ofrece una recompensa de 10 millones de d\u00f3lares.<\/p>\n\n\n\n<p>En tanto, el periodista Luis Chaparro comparti\u00f3 un video donde se observa a elementos federales en la zona de los enfrentamientos donde presuntamente se buscaba detener a Jorge Humberto Figueroa, alias \u201cEl 27\u201d o \u201cEl Perris\u201d, jefe de seguridad de \u201cLos Chapitos\u201d y se\u00f1alado por ser el encargado de amarrar al \u201cMayo\u201d Zambada el 25 de julio antes de ser llevado a los Estados Unidos.<\/p>\n\n\n\n<p>(Informaci\u00f3n de Infobae M\u00e9xico)<\/p>\n","protected":false},"excerpt":{"rendered":"<p>Redacci\u00f3n\/Zona Roja Cdmx. Ciudad de M\u00e9xico, a 29 de agosto de 20204.- La tarde de&hellip;<\/p>\n","protected":false},"author":2,"featured_media":71917,"comment_status":"closed","ping_status":"open","sticky":false,"template":"","format":"standard","meta":{"_lmt_disableupdate":"","_lmt_disable":"","_jetpack_memberships_contains_paid_content":false,"footnotes":""},"categories":[109,47],"tags":[1335,4046],"class_list":["post-71916","post","type-post","status-publish","format-standard","has-post-thumbnail","hentry","category-minuto-a-minuto","category-zona-gris","tag-culiacan-sinaloa","tag-ivan-archivaldo-guzman"],"jetpack_featured_media_url":"https:\/\/zonaroja.com.mx\/wp-content\/uploads\/2024\/08\/Incendios-Culiacan-Sinaloa.jpg","jetpack_sharing_enabled":true,"_links":{"self":[{"href":"https:\/\/zonaroja.com.mx\/index.php?rest_route=\/wp\/v2\/posts\/71916","targetHints":{"allow":["GET"]}}],"collection":[{"href":"https:\/\/zonaroja.com.mx\/index.php?rest_route=\/wp\/v2\/posts"}],"about":[{"href":"https:\/\/zonaroja.com.mx\/index.php?rest_route=\/wp\/v2\/types\/post"}],"author":[{"embeddable":true,"href":"https:\/\/zonaroja.com.mx\/index.php?rest_route=\/wp\/v2\/users\/2"}],"replies":[{"embeddable":true,"href":"https:\/\/zonaroja.com.mx\/index.php?rest_route=%2Fwp%2Fv2%2Fcomments&post=71916"}],"version-history":[{"count":1,"href":"https:\/\/zonaroja.com.mx\/index.php?rest_route=\/wp\/v2\/posts\/71916\/revisions"}],"predecessor-version":[{"id":71918,"href":"https:\/\/zonaroja.com.mx\/index.php?rest_route=\/wp\/v2\/posts\/71916\/revisions\/71918"}],"wp:featuredmedia":[{"embeddable":true,"href":"https:\/\/zonaroja.com.mx\/index.php?rest_route=\/wp\/v2\/media\/71917"}],"wp:attachment":[{"href":"https:\/\/zonaroja.com.mx\/index.php?rest_route=%2Fwp%2Fv2%2Fmedia&parent=71916"}],"wp:term":[{"taxonomy":"category","embeddable":true,"href":"https:\/\/zonaroja.com.mx\/index.php?rest_route=%2Fwp%2Fv2%2Fcategories&post=71916"},{"taxonomy":"post_tag","embeddable":true,"href":"https:\/\/zonaroja.com.mx\/index.php?rest_route=%2Fwp%2Fv2%2Ftags&post=71916"}],"curies":[{"name":"wp","href":"https:\/\/api.w.org\/{rel}","templated":true}]}}