{"id":71919,"date":"2024-08-29T21:09:02","date_gmt":"2024-08-30T03:09:02","guid":{"rendered":"https:\/\/zonaroja.com.mx\/?p=71919"},"modified":"2024-08-29T21:09:04","modified_gmt":"2024-08-30T03:09:04","slug":"familia-uruchurtu-advierte-al-poder-judicial-que-no-tolerara-mas-impunidad","status":"publish","type":"post","link":"https:\/\/zonaroja.com.mx\/?p=71919","title":{"rendered":"Familia Uruchurtu advierte al Poder Judicial que no tolerar\u00e1 m\u00e1s impunidad"},"content":{"rendered":"\n<p>Ismael Garc\u00eda M.\/Zona Roja.<\/p>\n\n\n\n<p>Oaxaca de Ju\u00e1rez, Oax., a 29 de agosto de 2024.- La familia de Claudia Uruchurtu advirti\u00f3 al Poder Judicial del Estado de Oaxaca que no tolerar\u00e1 m\u00e1s impunidad y que deber\u00e1 garantizar el acceso a la justicia, a la verdad y a la reparaci\u00f3n.<\/p>\n\n\n\n<p>En el marco del D\u00eda Internacional de las V\u00edctimas de Desaparici\u00f3n Forzada y de un nuevo juicio por el caso de la desaparici\u00f3n de Claudia, las hermanas Elizabeth y Sara Uruchurtu Cruz emitieron este mi\u00e9rcoles un comunicado.<\/p>\n\n\n\n<p>\u201cNo podemos olvidar que nuestra hermana Claudia fue desaparecida forzadamente desde el 26 de marzo del a\u00f1o 2021, por personas servidoras p\u00fablicas del municipio de Asunci\u00f3n Nochixtl\u00e1n.&nbsp;<\/p>\n\n\n\n<p>\u201cLa injusticia la hemos vivido de manera muy cercana y es un reflejo de una problem\u00e1tica que afecta a muchas familias en nuestro pa\u00eds, por ello levantamos la voz para exigir al Poder Judicial del Estado de Oaxaca, no m\u00e1s impunidad.<\/p>\n\n\n\n<p>\u201cClaudia era madre, hija, hermana, amiga y una mujer comprometida con su comunidad. Su desaparici\u00f3n no solo ha dejado un vac\u00edo irreparable en nuestras vidas, sino que, junto con otros casos en Oaxaca, ha expuesto una herida profunda en nuestra sociedad: la falta de justicia y verdad.&nbsp;<\/p>\n\n\n\n<p>\u201cAlgo que a las autoridades de antes y de ahora no les importa, incluso, al contrario, luchan contra ella, para favorecer la impunidad\u201d, exponen.<\/p>\n\n\n\n<p>Relatan que luego de varios a\u00f1os de lucha en distintos \u00e1mbitos, lograron una sentencia condenatoria en contra de los responsables de la desaparici\u00f3n de Claudia.<\/p>\n\n\n\n<p>\u201cSin embargo, el rostro de la impunidad se asom\u00f3, en el momento en que Mar\u00eda Teresa Quevedo S\u00e1nchez, Jueza del Tribunal de Enjuiciamiento del Circuito de la Mixteca, decidi\u00f3 beneficiar a la ex presidenta municipal con una sentencia diferenciada de todas las dem\u00e1s personas participantes de la desaparici\u00f3n forzada de Claudia.<\/p>\n\n\n\n<p>\u201cEn la misma sentencia, tambi\u00e9n se dej\u00f3 de tomar en cuenta la falta de consideraci\u00f3n del trabajo de defensa de derechos humanos que realizaba Claudia, y por ello, como familia decidimos continuar nuestra lucha interponiendo un recurso de apelaci\u00f3n\u201d.&nbsp;<\/p>\n\n\n\n<p>Exponen que por segunda ocasi\u00f3n la impunidad volvi\u00f3 a asomarse, ahora a trav\u00e9s de la Sala Constitucional y Quinta Sala Penal colegiada del Tribunal Superior de Justicia, al ordenar la reposici\u00f3n de todo el procedimiento en franco perjuicio a los derechos como v\u00edctimas.<\/p>\n\n\n\n<p>\u201cFrente a esta nueva arbitrariedad decidimos solicitar el amparo y protecci\u00f3n de la justicia federal. El d\u00eda 12 de julio de 2024, el Juez Primero de Distrito, nos dio la raz\u00f3n y orden\u00f3 a la Sala de Justicia Ind\u00edgena y Quinta Sala Penal dejar sin efecto la resoluci\u00f3n que ordenaba la reposici\u00f3n del procedimiento y emitir en un plazo de 20 d\u00edas una nueva resoluci\u00f3n en la que se garantice los derechos de las v\u00edctimas conforme a est\u00e1ndares internacionales de derechos humanos.<br>\u201cA la fecha se encuentra transcurriendo el plazo para que el Tribunal a trav\u00e9s de la Sala de Justicia Ind\u00edgena y Quinta Sala Penal cumpla con lo ordenado por el Juez Primero de Distrito\u201d.<\/p>\n\n\n\n<p>Por ello, en el marco del D\u00eda Internacional de las V\u00edctimas de Desaparici\u00f3n forzada exigieron al Poder Judicial que garantice el acceso a la justicia, a la verdad y a la reparaci\u00f3n.<br>\u201cPero tambi\u00e9n queremos se\u00f1alar p\u00fablicamente que no permitiremos otra vez que la impunidad vuelva asomarse, ya no m\u00e1s injusticias, que no se dejen coptar por el poder pol\u00edtico o la influencia pol\u00edtica que pudieran tener las personas involucradas, sobre todo de la ex presidenta municipal quien era del partido del actual gobernador y del actual Presidente de la Rep\u00fablica.&nbsp;<\/p>\n\n\n\n<p>\u201cSi se dicta una sentencia que no sea justa es darle la raz\u00f3n a la corrupci\u00f3n, a la sinraz\u00f3n, es darle la espalda al pueblo. Hoy nos toca levantar la voz una vez m\u00e1s. No podemos permitir que la impunidad sea el estandarte de nuestro sistema de justicia. Necesitamos respuestas, necesitamos paz, necesitamos justicia\u201d, exclaman.<\/p>\n","protected":false},"excerpt":{"rendered":"<p>Ismael Garc\u00eda M.\/Zona Roja. Oaxaca de Ju\u00e1rez, Oax., a 29 de agosto de 2024.- La&hellip;<\/p>\n","protected":false},"author":2,"featured_media":71920,"comment_status":"closed","ping_status":"open","sticky":false,"template":"","format":"standard","meta":{"_lmt_disableupdate":"","_lmt_disable":"","_jetpack_memberships_contains_paid_content":false,"footnotes":""},"categories":[109,47],"tags":[2582],"class_list":["post-71919","post","type-post","status-publish","format-standard","has-post-thumbnail","hentry","category-minuto-a-minuto","category-zona-gris","tag-claudia-uruchurtu-cruz"],"jetpack_featured_media_url":"https:\/\/zonaroja.com.mx\/wp-content\/uploads\/2024\/08\/Hermanas-Uruchurtu.webp","jetpack_sharing_enabled":true,"_links":{"self":[{"href":"https:\/\/zonaroja.com.mx\/index.php?rest_route=\/wp\/v2\/posts\/71919","targetHints":{"allow":["GET"]}}],"collection":[{"href":"https:\/\/zonaroja.com.mx\/index.php?rest_route=\/wp\/v2\/posts"}],"about":[{"href":"https:\/\/zonaroja.com.mx\/index.php?rest_route=\/wp\/v2\/types\/post"}],"author":[{"embeddable":true,"href":"https:\/\/zonaroja.com.mx\/index.php?rest_route=\/wp\/v2\/users\/2"}],"replies":[{"embeddable":true,"href":"https:\/\/zonaroja.com.mx\/index.php?rest_route=%2Fwp%2Fv2%2Fcomments&post=71919"}],"version-history":[{"count":1,"href":"https:\/\/zonaroja.com.mx\/index.php?rest_route=\/wp\/v2\/posts\/71919\/revisions"}],"predecessor-version":[{"id":71921,"href":"https:\/\/zonaroja.com.mx\/index.php?rest_route=\/wp\/v2\/posts\/71919\/revisions\/71921"}],"wp:featuredmedia":[{"embeddable":true,"href":"https:\/\/zonaroja.com.mx\/index.php?rest_route=\/wp\/v2\/media\/71920"}],"wp:attachment":[{"href":"https:\/\/zonaroja.com.mx\/index.php?rest_route=%2Fwp%2Fv2%2Fmedia&parent=71919"}],"wp:term":[{"taxonomy":"category","embeddable":true,"href":"https:\/\/zonaroja.com.mx\/index.php?rest_route=%2Fwp%2Fv2%2Fcategories&post=71919"},{"taxonomy":"post_tag","embeddable":true,"href":"https:\/\/zonaroja.com.mx\/index.php?rest_route=%2Fwp%2Fv2%2Ftags&post=71919"}],"curies":[{"name":"wp","href":"https:\/\/api.w.org\/{rel}","templated":true}]}}