{"id":71922,"date":"2024-08-30T07:26:00","date_gmt":"2024-08-30T13:26:00","guid":{"rendered":"https:\/\/zonaroja.com.mx\/?p=71922"},"modified":"2024-08-30T08:18:25","modified_gmt":"2024-08-30T14:18:25","slug":"asesinan-a-individuo-en-puerto-escondido-hallan-muerto-en-niltepec","status":"publish","type":"post","link":"https:\/\/zonaroja.com.mx\/?p=71922","title":{"rendered":"Asesinan a individuo en Puerto Escondido; hallan muerto en Niltepec"},"content":{"rendered":"\n<p>Raymundo Morales\/Zona Roja.<\/p>\n\n\n\n<p>Oaxaca de Ju\u00e1rez, Oax., a 30 de agosto de 2024.- Una persona del sexo masculino fue asesinada este jueves en Puerto Escondido, destino tur\u00edstico de la Costa oaxaque\u00f1a.<\/p>\n\n\n\n<p>El ataque armado ocurri\u00f3 la tarde de ayer en la avenida Francisco Villa de la colonia La Paz, cerca de las oficinas de la agencia municipal, pese a lo cual no hab\u00eda polic\u00edas municipales en la zona para perseguir a los maleantes.<\/p>\n\n\n\n<p>El individuo, de aproximadamente 30 a\u00f1os de edad, fue trasladado por param\u00e9dicos de la Cruz Roja Mexicana a una cl\u00ednica, donde poco despu\u00e9s perdi\u00f3 la vida, debido a la gravedad de las lesiones.<\/p>\n\n\n\n<p>EN NILTEPEC<\/p>\n\n\n\n<p>Por otra parte, en jurisdicci\u00f3n de Santiago Niltepec, en la zona oriente del Istmo, fue hallada una persona sin vida, quien d\u00edas atr\u00e1s fue reportada como desaparecida.<\/p>\n\n\n\n<p>El cuerpo se encontr\u00f3 a un costado de la carretera Panamericana y presuntamente presenta varios impactos de arma de fuego; m\u00e1s tarde sus familiares confirmaron que se trata de William P. M., de 27 a\u00f1os de edad.<\/p>\n\n\n\n<p>Hab\u00eda sido visto por \u00faltima vez el pasado domingo, cuando sali\u00f3 de Niltepec a bordo de su unidad de motor.<\/p>\n\n\n\n<p>EN MIXTECA<\/p>\n\n\n\n<p>Por su parte, el Consejo Nacional de Pueblos en Lucha denunci\u00f3 que el pasado 25 de agosto fue asesinado un joven en San Mart\u00edn Peras, municipio de la regi\u00f3n Mixteca del estado de Oaxaca.<\/p>\n\n\n\n<p>Detall\u00f3 que Mois\u00e9s M. G. fue ultimado a balazos mientras se dirig\u00eda a realizar sus labores del campo, tras ser interceptado por sujetos desconocidos que le privaron de la vida.<\/p>\n\n\n\n<p>\u201cEste tr\u00e1gico suceso ha causado un impacto en la comunidad puesto que la violencia en la regi\u00f3n ha venido en aumento.&nbsp;La tragedia que rodea la muerte de Mois\u00e9s se hace a\u00fan m\u00e1s cercana para nosotros, ya que era familiar de integrantes de nuestra organizaci\u00f3n.&nbsp;<\/p>\n\n\n\n<p>\u201cA pesar de ser originario de Temascalcingo, Estado de M\u00e9xico, Mois\u00e9s hab\u00eda encontrado un nuevo hogar en la Mixteca oaxaque\u00f1a, donde trabajaba y luchaba por un futuro mejor. Su p\u00e9rdida es un duro golpe para nuestros compa\u00f1eros y reafirma la necesidad de seguir luchando por la justicia y la paz en nuestro estado\u201d, se\u00f1al\u00f3 la organizaci\u00f3n social.<\/p>\n","protected":false},"excerpt":{"rendered":"<p>Raymundo Morales\/Zona Roja. Oaxaca de Ju\u00e1rez, Oax., a 30 de agosto de 2024.- Una persona&hellip;<\/p>\n","protected":false},"author":2,"featured_media":67753,"comment_status":"closed","ping_status":"open","sticky":false,"template":"","format":"standard","meta":{"_lmt_disableupdate":"","_lmt_disable":"","_jetpack_memberships_contains_paid_content":false,"footnotes":""},"categories":[109,51],"tags":[590],"class_list":["post-71922","post","type-post","status-publish","format-standard","has-post-thumbnail","hentry","category-minuto-a-minuto","category-zona-roja","tag-puerto-escondido"],"jetpack_featured_media_url":"https:\/\/zonaroja.com.mx\/wp-content\/uploads\/2024\/04\/Escena-de-investigacion-crimen.jpg","jetpack_sharing_enabled":true,"_links":{"self":[{"href":"https:\/\/zonaroja.com.mx\/index.php?rest_route=\/wp\/v2\/posts\/71922","targetHints":{"allow":["GET"]}}],"collection":[{"href":"https:\/\/zonaroja.com.mx\/index.php?rest_route=\/wp\/v2\/posts"}],"about":[{"href":"https:\/\/zonaroja.com.mx\/index.php?rest_route=\/wp\/v2\/types\/post"}],"author":[{"embeddable":true,"href":"https:\/\/zonaroja.com.mx\/index.php?rest_route=\/wp\/v2\/users\/2"}],"replies":[{"embeddable":true,"href":"https:\/\/zonaroja.com.mx\/index.php?rest_route=%2Fwp%2Fv2%2Fcomments&post=71922"}],"version-history":[{"count":2,"href":"https:\/\/zonaroja.com.mx\/index.php?rest_route=\/wp\/v2\/posts\/71922\/revisions"}],"predecessor-version":[{"id":71934,"href":"https:\/\/zonaroja.com.mx\/index.php?rest_route=\/wp\/v2\/posts\/71922\/revisions\/71934"}],"wp:featuredmedia":[{"embeddable":true,"href":"https:\/\/zonaroja.com.mx\/index.php?rest_route=\/wp\/v2\/media\/67753"}],"wp:attachment":[{"href":"https:\/\/zonaroja.com.mx\/index.php?rest_route=%2Fwp%2Fv2%2Fmedia&parent=71922"}],"wp:term":[{"taxonomy":"category","embeddable":true,"href":"https:\/\/zonaroja.com.mx\/index.php?rest_route=%2Fwp%2Fv2%2Fcategories&post=71922"},{"taxonomy":"post_tag","embeddable":true,"href":"https:\/\/zonaroja.com.mx\/index.php?rest_route=%2Fwp%2Fv2%2Ftags&post=71922"}],"curies":[{"name":"wp","href":"https:\/\/api.w.org\/{rel}","templated":true}]}}