{"id":71927,"date":"2024-08-30T09:03:00","date_gmt":"2024-08-30T15:03:00","guid":{"rendered":"https:\/\/zonaroja.com.mx\/?p=71927"},"modified":"2024-08-30T08:05:19","modified_gmt":"2024-08-30T14:05:19","slug":"logran-parteras-reconocimiento-del-ayuntamiento-de-oaxaca","status":"publish","type":"post","link":"https:\/\/zonaroja.com.mx\/?p=71927","title":{"rendered":"Logran parteras reconocimiento del ayuntamiento de Oaxaca"},"content":{"rendered":"\n<p>Ismael Garc\u00eda M.\/Zona Roja.<\/p>\n\n\n\n<p>Oaxaca de Ju\u00e1rez, Oax., a 30 de agosto de 202.- El Cabildo de Oaxaca de Ju\u00e1rez aprob\u00f3 el dictamen CIG\/CNyNM\/002\/2024, mediante el cual se faculta al gobierno municipal la expedici\u00f3n de constancias y copias certificadas de constancias de nacimiento.<\/p>\n\n\n\n<p>Esta fue una de las demandas de parteras tradicionales de la capital, que enfrentaban diversos problemas al no poder ser reconocidas en plenamente en su labor, por lo cual acudieron ayer a la sesi\u00f3n ordinaria y reconocieron la iniciativa.<\/p>\n\n\n\n<p>Para ello, el Cabildo reform\u00f3 el Bando de Polic\u00eda y Gobierno a fin de facultar a la Secretar\u00eda de Gobierno para la expedici\u00f3n de constancias de nacimiento.<\/p>\n\n\n\n<p>Ello no significa de ninguna manera reemplazar la labor de la Direcci\u00f3n del Registro Civil, precis\u00f3 el presidente municipal de Oaxaca de Ju\u00e1rez, Francisco Mart\u00ednez Neri.<\/p>\n\n\n\n<p>\u201cLa constancia que se va a expedir es una solicitud que habr\u00e1n de hacer el padre, la madre, ambos o inclusive si no existieren ambos, quien tenga inter\u00e9s jur\u00eddico debidamente probado.<\/p>\n\n\n\n<p>\u201cObedece al hecho a que hay personas en la ciudad de Oaxaca que se atienden por parteras y estas personas dan fe del nacimiento y pueden solicitar la constancia; se expide la constancia aqu\u00ed, pero se va al Registro Civil, no es que aqu\u00ed vayamos a expedir actas del Registro Civil, s\u00f3lo se hace constancia de los hechos\u201d, precis\u00f3.<\/p>\n\n\n\n<p>Apunt\u00f3 que este es un respaldo de la comunidad de parteras y a las mujeres que acuden a esa atenci\u00f3n; no estaba establecido en el Bando de Polic\u00eda y Gobierno y hoy se da apertura a esas peticiones y con ello el municipio avanza, precis\u00f3 Mart\u00ednez Neri en entrevista colectiva.<\/p>\n\n\n\n<p>Al t\u00e9rmino de la conferencia, un grupo de parteras expres\u00f3 su reconocimiento al Cabildo por la determinaci\u00f3n, lo cual le brinda mayor certeza legal a su labor.<\/p>\n","protected":false},"excerpt":{"rendered":"<p>Ismael Garc\u00eda M.\/Zona Roja. Oaxaca de Ju\u00e1rez, Oax., a 30 de agosto de 202.- El&hellip;<\/p>\n","protected":false},"author":2,"featured_media":71928,"comment_status":"closed","ping_status":"open","sticky":false,"template":"","format":"standard","meta":{"_lmt_disableupdate":"","_lmt_disable":"","_jetpack_memberships_contains_paid_content":false,"footnotes":""},"categories":[109,46],"tags":[2418],"class_list":["post-71927","post","type-post","status-publish","format-standard","has-post-thumbnail","hentry","category-minuto-a-minuto","category-zona-blanca","tag-francisco-martinez-neri"],"jetpack_featured_media_url":"https:\/\/zonaroja.com.mx\/wp-content\/uploads\/2024\/08\/Francisco-Martinez-Neri.jpg","jetpack_sharing_enabled":true,"_links":{"self":[{"href":"https:\/\/zonaroja.com.mx\/index.php?rest_route=\/wp\/v2\/posts\/71927","targetHints":{"allow":["GET"]}}],"collection":[{"href":"https:\/\/zonaroja.com.mx\/index.php?rest_route=\/wp\/v2\/posts"}],"about":[{"href":"https:\/\/zonaroja.com.mx\/index.php?rest_route=\/wp\/v2\/types\/post"}],"author":[{"embeddable":true,"href":"https:\/\/zonaroja.com.mx\/index.php?rest_route=\/wp\/v2\/users\/2"}],"replies":[{"embeddable":true,"href":"https:\/\/zonaroja.com.mx\/index.php?rest_route=%2Fwp%2Fv2%2Fcomments&post=71927"}],"version-history":[{"count":1,"href":"https:\/\/zonaroja.com.mx\/index.php?rest_route=\/wp\/v2\/posts\/71927\/revisions"}],"predecessor-version":[{"id":71929,"href":"https:\/\/zonaroja.com.mx\/index.php?rest_route=\/wp\/v2\/posts\/71927\/revisions\/71929"}],"wp:featuredmedia":[{"embeddable":true,"href":"https:\/\/zonaroja.com.mx\/index.php?rest_route=\/wp\/v2\/media\/71928"}],"wp:attachment":[{"href":"https:\/\/zonaroja.com.mx\/index.php?rest_route=%2Fwp%2Fv2%2Fmedia&parent=71927"}],"wp:term":[{"taxonomy":"category","embeddable":true,"href":"https:\/\/zonaroja.com.mx\/index.php?rest_route=%2Fwp%2Fv2%2Fcategories&post=71927"},{"taxonomy":"post_tag","embeddable":true,"href":"https:\/\/zonaroja.com.mx\/index.php?rest_route=%2Fwp%2Fv2%2Ftags&post=71927"}],"curies":[{"name":"wp","href":"https:\/\/api.w.org\/{rel}","templated":true}]}}