{"id":71935,"date":"2024-08-30T11:18:00","date_gmt":"2024-08-30T17:18:00","guid":{"rendered":"https:\/\/zonaroja.com.mx\/?p=71935"},"modified":"2024-08-30T08:32:53","modified_gmt":"2024-08-30T14:32:53","slug":"congreso-incrementa-penas-para-castigar-violencia-politica-digital-contra-mujeres","status":"publish","type":"post","link":"https:\/\/zonaroja.com.mx\/?p=71935","title":{"rendered":"Congreso incrementa penas para castigar violencia pol\u00edtica digital contra mujeres"},"content":{"rendered":"\n<p>Redacci\u00f3n\/Zona Roja.<\/p>\n\n\n\n<p>Oaxaca de Ju\u00e1rez, Oax., a 29 de agosto de 2024.- Con 28 votos a favor, el pleno de la 65 Legislatura local aprob\u00f3 el pasado mi\u00e9rcoles el decreto por el cual se reforman diversas disposiciones del C\u00f3digo Penal para el Estado de Oaxaca, en materia de violencia pol\u00edtica contra las mujeres y violencia facilitada por las tecnolog\u00edas.<\/p>\n\n\n\n<p>Este cambio fue propuesto por las diputadas Hayde\u00e9 Reyes Soto y Lizett Arroyo Rodr\u00edguez, quienes presentaron individualmente sus iniciativas.<\/p>\n\n\n\n<p>De acuerdo con el dictamen, la pena establecida de tres a ocho a\u00f1os de prisi\u00f3n para quien cometa violencia pol\u00edtica, se incrementar\u00e1 en un tercio cuando \u00e9sta sea de tipo digital o medi\u00e1tica en contra de las mujeres en raz\u00f3n de g\u00e9nero.<\/p>\n\n\n\n<p>En este sentido, se entender\u00e1 como violencia pol\u00edtica digital, cualquier acci\u00f3n dolosa o expresiones que afecten o da\u00f1en la imagen, dignidad, seguridad, libertad e integridad de las mujeres en cualquier \u00e1mbito de su vida, mediante el uso de tecnolog\u00edas de la informaci\u00f3n y la comunicaci\u00f3n, en redes sociales, p\u00e1ginas web, correo electr\u00f3nico, blogs, mensajes de texto, videos o cualquiera otra similar.<\/p>\n\n\n\n<p>Asimismo, queda establecido como violencia medi\u00e1tica, todo acto ejercido por una persona f\u00edsica o moral, a trav\u00e9s de cualquier medio de comunicaci\u00f3n, que de manera directa o indirecta promueva cualquier tipo de violencia en contra de las mujeres y ni\u00f1as, o bien, que difunda contenidos que atenten contra la autoestima, salud, integridad, libertad y seguridad.<\/p>\n\n\n\n<p>En el caso de que, en este delito, el \u00absujeto activo sea un partido pol\u00edtico, aspirante, precandidato, candidato, servidor p\u00fablico o medio de comunicaci\u00f3n, se incrementar\u00e1 la sanci\u00f3n hasta en dos terceras partes\u201d.<\/p>\n\n\n\n<p>Tambi\u00e9n, se sancionar\u00e1 con tres a seis a\u00f1os de prisi\u00f3n y una multa econ\u00f3mica, a quien ejerza violencia contra las mujeres facilitada por las tecnolog\u00edas, adem\u00e1s de que se solicitar\u00e1 a trav\u00e9s de las autoridades competentes, retirar de manera inmediata el contenido que sea difundido sin consentimiento en medios de comunicaci\u00f3n y redes sociales.<\/p>\n\n\n\n<p>Por lo cual, qued\u00f3 establecido que es un delito el &#8211; sicariato digital-, el cual es la actividad il\u00edcita que realizan las empresas o personas, generalmente a cambio de un pago, y consiste en la coordinaci\u00f3n de ataques virtuales a trav\u00e9s de perfiles y cuentas, generalmente falsos.<\/p>\n\n\n\n<p>\u00abLa creaci\u00f3n y difusi\u00f3n de informaci\u00f3n difamatoria, la sustracci\u00f3n y alteraci\u00f3n de datos personales, as\u00ed como de audios, im\u00e1genes o videos o la suplantaci\u00f3n de identidad de una mujer, as\u00ed como acciones para violentar, atacar, humillar, calumniar, difamar, disminuir, amedrentar, amenazar y aterrorizar, cometidas en contra de una mujer pol\u00edtica, aspirante, candidata, precandidata, activista, defensora de derechos humanos o con presencia digital, a trav\u00e9s del uso de las tecnolog\u00edas de la informaci\u00f3n y la comunicaci\u00f3n, la inteligencia artificial, el internet, redes sociales y plataformas digitales\u00bb.<\/p>\n\n\n\n<p>Este delito tambi\u00e9n se castigar\u00e1 con penas de tres a seis a\u00f1os de prisi\u00f3n y multa econ\u00f3mica. Se incrementar\u00e1 hasta en dos terceras partes cuando quien lo cometa sea un partido pol\u00edtico, precandidato, candidato, aspirante, servidor p\u00fablico o medio de comunicaci\u00f3n.<\/p>\n\n\n\n<p>El decreto entrar\u00e1 en vigor al d\u00eda siguiente de su publicaci\u00f3n en el Peri\u00f3dico Oficial del Estado de Oaxaca.<\/p>\n","protected":false},"excerpt":{"rendered":"<p>Redacci\u00f3n\/Zona Roja. Oaxaca de Ju\u00e1rez, Oax., a 29 de agosto de 2024.- Con 28 votos&hellip;<\/p>\n","protected":false},"author":2,"featured_media":71936,"comment_status":"closed","ping_status":"open","sticky":false,"template":"","format":"standard","meta":{"_lmt_disableupdate":"","_lmt_disable":"","_jetpack_memberships_contains_paid_content":false,"footnotes":""},"categories":[109,46],"tags":[2743],"class_list":["post-71935","post","type-post","status-publish","format-standard","has-post-thumbnail","hentry","category-minuto-a-minuto","category-zona-blanca","tag-65-legislatura-del-estado-de-oaxaca"],"jetpack_featured_media_url":"https:\/\/zonaroja.com.mx\/wp-content\/uploads\/2024\/08\/Violencia-digital.jpeg","jetpack_sharing_enabled":true,"_links":{"self":[{"href":"https:\/\/zonaroja.com.mx\/index.php?rest_route=\/wp\/v2\/posts\/71935","targetHints":{"allow":["GET"]}}],"collection":[{"href":"https:\/\/zonaroja.com.mx\/index.php?rest_route=\/wp\/v2\/posts"}],"about":[{"href":"https:\/\/zonaroja.com.mx\/index.php?rest_route=\/wp\/v2\/types\/post"}],"author":[{"embeddable":true,"href":"https:\/\/zonaroja.com.mx\/index.php?rest_route=\/wp\/v2\/users\/2"}],"replies":[{"embeddable":true,"href":"https:\/\/zonaroja.com.mx\/index.php?rest_route=%2Fwp%2Fv2%2Fcomments&post=71935"}],"version-history":[{"count":1,"href":"https:\/\/zonaroja.com.mx\/index.php?rest_route=\/wp\/v2\/posts\/71935\/revisions"}],"predecessor-version":[{"id":71937,"href":"https:\/\/zonaroja.com.mx\/index.php?rest_route=\/wp\/v2\/posts\/71935\/revisions\/71937"}],"wp:featuredmedia":[{"embeddable":true,"href":"https:\/\/zonaroja.com.mx\/index.php?rest_route=\/wp\/v2\/media\/71936"}],"wp:attachment":[{"href":"https:\/\/zonaroja.com.mx\/index.php?rest_route=%2Fwp%2Fv2%2Fmedia&parent=71935"}],"wp:term":[{"taxonomy":"category","embeddable":true,"href":"https:\/\/zonaroja.com.mx\/index.php?rest_route=%2Fwp%2Fv2%2Fcategories&post=71935"},{"taxonomy":"post_tag","embeddable":true,"href":"https:\/\/zonaroja.com.mx\/index.php?rest_route=%2Fwp%2Fv2%2Ftags&post=71935"}],"curies":[{"name":"wp","href":"https:\/\/api.w.org\/{rel}","templated":true}]}}