{"id":71941,"date":"2024-08-30T11:35:00","date_gmt":"2024-08-30T17:35:00","guid":{"rendered":"https:\/\/zonaroja.com.mx\/?p=71941"},"modified":"2024-08-30T08:38:33","modified_gmt":"2024-08-30T14:38:33","slug":"detencion-de-el-mayo-habria-sido-a-cambio-de-liberacion-de-ovidio-guzman","status":"publish","type":"post","link":"https:\/\/zonaroja.com.mx\/?p=71941","title":{"rendered":"Detenci\u00f3n de \u201cEl Mayo\u201d habr\u00eda sido a cambio de liberaci\u00f3n de Ovidio Guzm\u00e1n"},"content":{"rendered":"\n<p>Redacci\u00f3n\/Zona Roja Cdmx.<\/p>\n\n\n\n<p>Ciudad de M\u00e9xico, a 30 de agosto de 2024.&nbsp;La Fiscal\u00eda General de la Rep\u00fablica (FGR) inform\u00f3 que existe una \u201csecuencia\u201d entre la presunta excarcelaci\u00f3n de una prisi\u00f3n estadunidense de Ovidio Guzm\u00e1n, hijo de Joaqu\u00edn \u201cEl Chapo\u201d Guzm\u00e1n, y el traslado ilegal de Ismael \u201cEl Mayo\u201d Zambada Garc\u00eda a ese pa\u00eds, en hechos en los que particip\u00f3 Joaqu\u00edn Guzm\u00e1n L\u00f3pez.<\/p>\n\n\n\n<p>Al dar a conocer los avances de la investigaci\u00f3n que realiza el gobierno mexicano en torno a Ismael Zambada Garc\u00eda, el Ministerio P\u00fablico Federal revel\u00f3 que ha \u201csolicitado en dos ocasiones, v\u00eda asistencia jur\u00eddica internacional; y en tres ocasiones, v\u00eda Interpol, y hasta el momento no ha habido una respuesta\u201d por parte del gobierno de Estados Unidos, por ello \u201cla FGR seguir\u00e1 requiriendo lo procedente, en este caso\u201d.<\/p>\n\n\n\n<p>Asimismo, puntualiz\u00f3 que por lo que toca a la investigaci\u00f3n del homicidio de H\u00e9ctor Nemesio Cu\u00e9n, ex rector de la Universidad Aut\u00f3noma de Sinaloa (UAS), y lo que presuntamente ocurri\u00f3 con con los escoltas de \u2018El Mayo\u2019 Zambada en la hacienda Huertos del Pedregal, en Culiac\u00e1n, Sinaloa, la FGR citar\u00e1 \u201cde inmediato a los servidores p\u00fablicos de todos los niveles de la Fiscal\u00eda local, incluyendo a polic\u00edas y peritos, que hayan intervenido en las diligencias del fuero com\u00fan, o que tengan alg\u00fan v\u00ednculo con esos hechos para, con ello, precisar los datos pertinentes de su actuaci\u00f3n\u201d.<\/p>\n\n\n\n<p>LOS HECHOS<\/p>\n\n\n\n<p>La FGR ha establecido que obtuvo \u201cdatos probatorios de una secuencia cronol\u00f3gica\u201d en torno a lo que sucedi\u00f3 con Ovidio Guzm\u00e1n y su excarcelamiento el pasado 23 de julio y el \u201cpresunto secuestro\u201d de Ismael Zambada, quien habr\u00eda sido trasladado a Estados Unidos en una aeronave con matr\u00edcula falsificada.<\/p>\n\n\n\n<p>La \u201cexcarcelaci\u00f3n\u201d de Ovidio \u2018G\u2019, precisa la FGR, ocurri\u00f3 de un penal de alta seguridad del sistema carcelario estadunidense dos d\u00edas antes del secuestro de Zambada y se desconoce su estatus actual y ubicaci\u00f3n en aquel pa\u00eds.<\/p>\n\n\n\n<p>El Ministerio P\u00fablico retom\u00f3 que el 10 de agosto, el abogado Frank P\u00e9rez, defensor de \u00b4El Mayo\u00b4&nbsp;Zambada, public\u00f3 una declaraci\u00f3n del que fuera cofundador del C\u00e1rtel de Sinaloa, y tambi\u00e9n que \u201cel Fiscal General de los Estados Unidos, en fecha 16 de agosto de 2024, manifest\u00f3 a esta Instituci\u00f3n que Ismael \u2018N\u2019, lleg\u00f3 a ese pa\u00eds contra su voluntad y que se hab\u00eda tenido conocimiento de varias propuestas de Joaqu\u00edn \u2018N\u2019, para entregarse a las autoridades\u201d de ese pa\u00eds.<\/p>\n\n\n\n<p>En cuanto al avi\u00f3n Beechcraft 200 \u201ccon la que presuntamente se cometieron los delitos referidos, y que el gobierno de Estados Unidos permiti\u00f3 que fuera inspeccionada en su territorio por las autoridades mexicanas, se encontr\u00f3 que \u00e9sta llevaba la matr\u00edcula N287KA y la serie BB1137; ambas falsas y sobrepuestas en esa aeronave; ya que los datos de investigaci\u00f3n se\u00f1alan que la matr\u00edcula legal de ese avi\u00f3n era N44JN y la serie original legal BB191\u201d.<\/p>\n\n\n\n<p>Adem\u00e1s, \u201cse obtuvo la informaci\u00f3n de que la matr\u00edcula original de esa aeronave, en 2019, era N200TP. Posteriormente, dicha aeronave fue trasladada a Colombia, donde la dieron de alta con la matr\u00edcula colombiana HK4658G. Para despu\u00e9s, en el 2021, obtener una nueva matr\u00edcula en los EUA, N44JN; la cual no es coincidente con la que actualmente ostenta tal aeronave, pues \u00e9sta es presuntamente falsa y sobrepuesta\u201d.<\/p>\n\n\n\n<p>Por ello, la FGR considera \u201c indispensable obtener con urgencia la informaci\u00f3n respectiva; as\u00ed como tambi\u00e9n la identificaci\u00f3n y documentaci\u00f3n del piloto o pilotos de ese avi\u00f3n que hayan intervenido en dicho vuelo, cuya aproximaci\u00f3n y aterrizaje en ese pa\u00eds fueron autorizados por las agencias competentes del gobierno estadunidense\u201d.<\/p>\n\n\n\n<p>(Informaci\u00f3n de \u201cLa Jornada\u201d)<\/p>\n","protected":false},"excerpt":{"rendered":"<p>Redacci\u00f3n\/Zona Roja Cdmx. Ciudad de M\u00e9xico, a 30 de agosto de 2024.&nbsp;La Fiscal\u00eda General de&hellip;<\/p>\n","protected":false},"author":2,"featured_media":71942,"comment_status":"closed","ping_status":"open","sticky":false,"template":"","format":"standard","meta":{"_lmt_disableupdate":"","_lmt_disable":"","_jetpack_memberships_contains_paid_content":false,"footnotes":""},"categories":[109,47],"tags":[3847],"class_list":["post-71941","post","type-post","status-publish","format-standard","has-post-thumbnail","hentry","category-minuto-a-minuto","category-zona-gris","tag-ismael-el-mayo-zambada"],"jetpack_featured_media_url":"https:\/\/zonaroja.com.mx\/wp-content\/uploads\/2024\/08\/Ovidio-y-El-Mayo.jpeg","jetpack_sharing_enabled":true,"_links":{"self":[{"href":"https:\/\/zonaroja.com.mx\/index.php?rest_route=\/wp\/v2\/posts\/71941","targetHints":{"allow":["GET"]}}],"collection":[{"href":"https:\/\/zonaroja.com.mx\/index.php?rest_route=\/wp\/v2\/posts"}],"about":[{"href":"https:\/\/zonaroja.com.mx\/index.php?rest_route=\/wp\/v2\/types\/post"}],"author":[{"embeddable":true,"href":"https:\/\/zonaroja.com.mx\/index.php?rest_route=\/wp\/v2\/users\/2"}],"replies":[{"embeddable":true,"href":"https:\/\/zonaroja.com.mx\/index.php?rest_route=%2Fwp%2Fv2%2Fcomments&post=71941"}],"version-history":[{"count":1,"href":"https:\/\/zonaroja.com.mx\/index.php?rest_route=\/wp\/v2\/posts\/71941\/revisions"}],"predecessor-version":[{"id":71943,"href":"https:\/\/zonaroja.com.mx\/index.php?rest_route=\/wp\/v2\/posts\/71941\/revisions\/71943"}],"wp:featuredmedia":[{"embeddable":true,"href":"https:\/\/zonaroja.com.mx\/index.php?rest_route=\/wp\/v2\/media\/71942"}],"wp:attachment":[{"href":"https:\/\/zonaroja.com.mx\/index.php?rest_route=%2Fwp%2Fv2%2Fmedia&parent=71941"}],"wp:term":[{"taxonomy":"category","embeddable":true,"href":"https:\/\/zonaroja.com.mx\/index.php?rest_route=%2Fwp%2Fv2%2Fcategories&post=71941"},{"taxonomy":"post_tag","embeddable":true,"href":"https:\/\/zonaroja.com.mx\/index.php?rest_route=%2Fwp%2Fv2%2Ftags&post=71941"}],"curies":[{"name":"wp","href":"https:\/\/api.w.org\/{rel}","templated":true}]}}