{"id":71950,"date":"2024-08-30T18:51:32","date_gmt":"2024-08-31T00:51:32","guid":{"rendered":"https:\/\/zonaroja.com.mx\/?p=71950"},"modified":"2024-08-30T18:51:34","modified_gmt":"2024-08-31T00:51:34","slug":"ejecutan-a-dos-personas-en-la-ciudad-de-oaxaca-uno-lider-de-transportistas","status":"publish","type":"post","link":"https:\/\/zonaroja.com.mx\/?p=71950","title":{"rendered":"Ejecutan a dos personas en la ciudad de Oaxaca; uno, l\u00edder de transportistas"},"content":{"rendered":"\n<p>Raymundo Morales\/Zona Roja.<\/p>\n\n\n\n<p>Oaxaca de Ju\u00e1rez, Oax., a 30 de agosto de 2024.- En un lapso de dos horas, dos personas fueron ejecutadas a balazos esta tarde en la ciudad de Oaxaca.<\/p>\n\n\n\n<p>El m\u00e1s reciente caso ocurri\u00f3 poco despu\u00e9s de las 17:00 horas en una gasoliner\u00eda ubicada a un costado de la carretera Internacional 190 con rumbo a la ciudad de M\u00e9xico, jurisdicci\u00f3n de la agencia de Santa Rosa Panzacola.<\/p>\n\n\n\n<p>En el sitio fue asesinada una persona, presuntamente D. R., dirigente de un sindicato de transportistas, y otra m\u00e1s fue lesionada y trasladada a un hospital.<\/p>\n\n\n\n<p>Por este caso, cientos de transportistas se concentraron en la zona y bloquearon dicha vialidad por varias horas.<\/p>\n\n\n\n<p>Mientras que minutos despu\u00e9s de las 15:00 horas, ocurri\u00f3 una agresi\u00f3n armada non la calle Zapoteca de la colonia Monte Alb\u00e1n, jurisdicci\u00f3n de la agencia de San Mart\u00edn Mexic\u00e1pam.<\/p>\n\n\n\n<p>La v\u00edctima fue un motociclista, presuntamente narcomenudista, a\u00fan no identificada hasta el momento.<\/p>\n\n\n\n<p>Tras ello, personal de la Fiscal\u00eda General del Estado de Oaxaca inici\u00f3 las indagatorias correspondientes, para dar con el paradero de los responsables de los hechos criminales.<\/p>\n","protected":false},"excerpt":{"rendered":"<p>Raymundo Morales\/Zona Roja. Oaxaca de Ju\u00e1rez, Oax., a 30 de agosto de 2024.- En un&hellip;<\/p>\n","protected":false},"author":2,"featured_media":71951,"comment_status":"closed","ping_status":"open","sticky":false,"template":"","format":"standard","meta":{"_lmt_disableupdate":"","_lmt_disable":"","_jetpack_memberships_contains_paid_content":false,"footnotes":""},"categories":[109,51],"tags":[4047],"class_list":["post-71950","post","type-post","status-publish","format-standard","has-post-thumbnail","hentry","category-minuto-a-minuto","category-zona-roja","tag-asesinato-ciudad-de-oaxaca"],"jetpack_featured_media_url":"https:\/\/zonaroja.com.mx\/wp-content\/uploads\/2024\/08\/Asesinados-ciudad-de-Oaxaca.jpg","jetpack_sharing_enabled":true,"_links":{"self":[{"href":"https:\/\/zonaroja.com.mx\/index.php?rest_route=\/wp\/v2\/posts\/71950","targetHints":{"allow":["GET"]}}],"collection":[{"href":"https:\/\/zonaroja.com.mx\/index.php?rest_route=\/wp\/v2\/posts"}],"about":[{"href":"https:\/\/zonaroja.com.mx\/index.php?rest_route=\/wp\/v2\/types\/post"}],"author":[{"embeddable":true,"href":"https:\/\/zonaroja.com.mx\/index.php?rest_route=\/wp\/v2\/users\/2"}],"replies":[{"embeddable":true,"href":"https:\/\/zonaroja.com.mx\/index.php?rest_route=%2Fwp%2Fv2%2Fcomments&post=71950"}],"version-history":[{"count":1,"href":"https:\/\/zonaroja.com.mx\/index.php?rest_route=\/wp\/v2\/posts\/71950\/revisions"}],"predecessor-version":[{"id":71952,"href":"https:\/\/zonaroja.com.mx\/index.php?rest_route=\/wp\/v2\/posts\/71950\/revisions\/71952"}],"wp:featuredmedia":[{"embeddable":true,"href":"https:\/\/zonaroja.com.mx\/index.php?rest_route=\/wp\/v2\/media\/71951"}],"wp:attachment":[{"href":"https:\/\/zonaroja.com.mx\/index.php?rest_route=%2Fwp%2Fv2%2Fmedia&parent=71950"}],"wp:term":[{"taxonomy":"category","embeddable":true,"href":"https:\/\/zonaroja.com.mx\/index.php?rest_route=%2Fwp%2Fv2%2Fcategories&post=71950"},{"taxonomy":"post_tag","embeddable":true,"href":"https:\/\/zonaroja.com.mx\/index.php?rest_route=%2Fwp%2Fv2%2Ftags&post=71950"}],"curies":[{"name":"wp","href":"https:\/\/api.w.org\/{rel}","templated":true}]}}