{"id":71953,"date":"2024-08-30T20:42:10","date_gmt":"2024-08-31T02:42:10","guid":{"rendered":"https:\/\/zonaroja.com.mx\/?p=71953"},"modified":"2024-08-30T20:42:12","modified_gmt":"2024-08-31T02:42:12","slug":"gestiona-gobierno-recursos-para-proyectos-estrategicos-sefin","status":"publish","type":"post","link":"https:\/\/zonaroja.com.mx\/?p=71953","title":{"rendered":"Gestiona gobierno recursos para proyectos estrat\u00e9gicos: Sefin"},"content":{"rendered":"\n<p>Redacci\u00f3n\/Zona Roja.<\/p>\n\n\n\n<p>Oaxaca de Ju\u00e1rez, Oax., a 30 de agosto de 2024.- El secretario de Finanzas del Gobierno del Estado de Oaxaca Farid Acevedo L\u00f3pez entreg\u00f3 recientemente al Congreso del Estado la estructura program\u00e1tica a emplearse en el proyecto de Presupuesto de Egresos, as\u00ed como los principales objetivos de la Ley de Ingresos para el ejercicio fiscal 2025.<\/p>\n\n\n\n<p>El documento tambi\u00e9n plantea nueve objetivos enfocados a cumplir con el Plan Estatal de Desarrollo, dentro de los cuales destacan el garantizar el estado de bienestar, los derechos de las infancias y adolescencias, el combate a la discriminaci\u00f3n contra las mujeres, impulsar la infraestructura y las acciones de seguridad.<\/p>\n\n\n\n<p>El responsable de la hacienda p\u00fablica estatal afirm\u00f3 que el gobernador Salom\u00f3n Jara Cruz realiza las gestiones correspondientes ante la Federaci\u00f3n para concretar los proyectos estrat\u00e9gicos de su administraci\u00f3n.&nbsp;<\/p>\n\n\n\n<p>Algunos de estos son: la ampliaci\u00f3n de la carretera federal 200, en el tramo que va del Puerto de Salina Cruz, en el Istmo de Tehuantepec, al municipio de Cuajinicuilapa, estado de Guerrero.<\/p>\n\n\n\n<p>Asimismo, la construcci\u00f3n de la autopista que conectar\u00eda a la ciudad de Oaxaca de Ju\u00e1rez con el municipio de San Juan Bautista Tuxtepec, la cual representa una inversi\u00f3n de 35 mil millones de pesos; la construcci\u00f3n del Corredor Binniz\u00e1 o Libramiento Sur; la presa \u201cPaso Ancho\u201d, donde se explora la posibilidad del tema del agua, y el saneamiento del r\u00edo \u201cAtoyac\u00bb, este \u00faltimo solo representa una inversi\u00f3n de mil millones de pesos.<\/p>\n\n\n\n<p>Aclar\u00f3 que solo la Federaci\u00f3n cuenta con estos recursos para llevarlas a cabo y el Estado aportar\u00eda de acuerdo a su capacidad; pero lo que se pretende que estos proyectos se puedan gestionar para Oaxaca a fin de mantener los niveles de crecimiento e inversi\u00f3n reportados desde el a\u00f1o pasado.<\/p>\n\n\n\n<p>Record\u00f3 que este a\u00f1o, en materia presupuestal, Oaxaca alcanz\u00f3 los 100 mil millones de pesos, adicionalmente a las acciones federales, que hizo llegar proyectos propios que representan una inversi\u00f3n por 40 mil millones de pesos.<\/p>\n\n\n\n<p>Explic\u00f3 que la inversi\u00f3n p\u00fablica federal se centr\u00f3 en las dos autopistas Oaxaca- Istmo y Oaxaca-Costa, la modernizaci\u00f3n del Puerto de Salina Cruz, el Tren Trans\u00edstmico, los caminos artesanales y los m\u00e1s de 16 mil millones de pesos en programas sociales.<\/p>\n","protected":false},"excerpt":{"rendered":"<p>Redacci\u00f3n\/Zona Roja. Oaxaca de Ju\u00e1rez, Oax., a 30 de agosto de 2024.- El secretario de&hellip;<\/p>\n","protected":false},"author":2,"featured_media":71956,"comment_status":"closed","ping_status":"open","sticky":false,"template":"","format":"standard","meta":{"_lmt_disableupdate":"","_lmt_disable":"","_jetpack_memberships_contains_paid_content":false,"footnotes":""},"categories":[109,46],"tags":[3507],"class_list":["post-71953","post","type-post","status-publish","format-standard","has-post-thumbnail","hentry","category-minuto-a-minuto","category-zona-blanca","tag-farid-acevedo-lopez"],"jetpack_featured_media_url":"https:\/\/zonaroja.com.mx\/wp-content\/uploads\/2024\/08\/Farid-Acevedo.webp","jetpack_sharing_enabled":true,"_links":{"self":[{"href":"https:\/\/zonaroja.com.mx\/index.php?rest_route=\/wp\/v2\/posts\/71953","targetHints":{"allow":["GET"]}}],"collection":[{"href":"https:\/\/zonaroja.com.mx\/index.php?rest_route=\/wp\/v2\/posts"}],"about":[{"href":"https:\/\/zonaroja.com.mx\/index.php?rest_route=\/wp\/v2\/types\/post"}],"author":[{"embeddable":true,"href":"https:\/\/zonaroja.com.mx\/index.php?rest_route=\/wp\/v2\/users\/2"}],"replies":[{"embeddable":true,"href":"https:\/\/zonaroja.com.mx\/index.php?rest_route=%2Fwp%2Fv2%2Fcomments&post=71953"}],"version-history":[{"count":1,"href":"https:\/\/zonaroja.com.mx\/index.php?rest_route=\/wp\/v2\/posts\/71953\/revisions"}],"predecessor-version":[{"id":71957,"href":"https:\/\/zonaroja.com.mx\/index.php?rest_route=\/wp\/v2\/posts\/71953\/revisions\/71957"}],"wp:featuredmedia":[{"embeddable":true,"href":"https:\/\/zonaroja.com.mx\/index.php?rest_route=\/wp\/v2\/media\/71956"}],"wp:attachment":[{"href":"https:\/\/zonaroja.com.mx\/index.php?rest_route=%2Fwp%2Fv2%2Fmedia&parent=71953"}],"wp:term":[{"taxonomy":"category","embeddable":true,"href":"https:\/\/zonaroja.com.mx\/index.php?rest_route=%2Fwp%2Fv2%2Fcategories&post=71953"},{"taxonomy":"post_tag","embeddable":true,"href":"https:\/\/zonaroja.com.mx\/index.php?rest_route=%2Fwp%2Fv2%2Ftags&post=71953"}],"curies":[{"name":"wp","href":"https:\/\/api.w.org\/{rel}","templated":true}]}}